{"id":104043,"date":"2025-05-12T12:08:39","date_gmt":"2025-05-12T15:08:39","guid":{"rendered":"https:\/\/tvc16.com\/portal\/?p=104043"},"modified":"2025-05-12T12:09:40","modified_gmt":"2025-05-12T15:09:40","slug":"apesar-da-reducao-desmatamento-ainda-ameaca-futuro-da-mata-atlantica","status":"publish","type":"post","link":"https:\/\/tvc16.com\/portal\/2025\/05\/12\/apesar-da-reducao-desmatamento-ainda-ameaca-futuro-da-mata-atlantica\/","title":{"rendered":"Apesar da redu\u00e7\u00e3o, desmatamento ainda amea\u00e7a futuro da Mata Atl\u00e2ntica"},"content":{"rendered":"\n<p>A \u00e1rea total desmatada no&nbsp;<strong>bioma da Mata Atl\u00e2ntica caiu 14% em 2024.&nbsp;<\/strong>No entanto, a perda das matas maduras &#8211; com maior biodiversidade e estoque de carbono &#8211;&nbsp;<strong>teve redu\u00e7\u00e3o de apenas 2%.&nbsp;<\/strong>Os dados s\u00e3o do Atlas da Mata Atl\u00e2ntica e do<strong>&nbsp;Sistema de Alertas de Desmatamento (SAD) do bioma<\/strong>, divulgados nesta segunda-feira (12), pela<strong>&nbsp;Funda\u00e7\u00e3o SOS Mata Atl\u00e2ntica.<\/strong><img decoding=\"async\" src=\"https:\/\/agenciabrasil.ebc.com.br\/ebc.png?id=1642369&amp;o=node\"><img decoding=\"async\" src=\"https:\/\/agenciabrasil.ebc.com.br\/ebc.gif?id=1642369&amp;o=node\"><\/p>\n\n\n\n<p>A redu\u00e7\u00e3o registrada nos monitoramentos \u00e9 considerada pequena diante do objetivo necess\u00e1rio, que \u00e9 o desmatamento zero, conforme avaliou a SOS Mata Atl\u00e2ntica. As perdas permanecem altas, principalmente em \u00e1reas historicamente cr\u00edticas, e avan\u00e7am sobre matas maduras, que s\u00e3o insubstitu\u00edveis em biodiversidade e regula\u00e7\u00e3o clim\u00e1tica.<\/p>\n\n\n\n<p>O&nbsp;<strong>diretor executivo da funda\u00e7\u00e3o, Lu\u00eds Fernando Guedes Pinto, avalia que o desmatamento ainda representa uma grande amea\u00e7a para o futuro do bioma<\/strong>.&nbsp;<strong>Ele pontuou que o bioma da Mata Atl\u00e2ntica abriga cerca de 70% da popula\u00e7\u00e3o brasileira e sustenta mais de 80% do PIB (Produto Interno Bruto) nacional.<\/strong><\/p>\n\n\n\n<blockquote class=\"wp-block-quote is-layout-flow wp-block-quote-is-layout-flow\">\n<p>\u201cNo contexto das crises globais do clima e da biodiversidade, das trag\u00e9dias ambientais e das recorrentes crises h\u00eddricas no Brasil, a degrada\u00e7\u00e3o da Mata Atl\u00e2ntica amplia o risco de colapso dos servi\u00e7os ecossist\u00eamicos essenciais \u00e0 nossa qualidade de vida, \u00e0 seguran\u00e7a alimentar e \u00e0 economia do pa\u00eds\u201d, disse Guedes Pinto.<\/p>\n<\/blockquote>\n\n\n\n<p>O Atlas, que \u00e9 coordenado pela funda\u00e7\u00e3o e pelo Instituto Nacional de Pesquisas Espaciais (INPE), acompanha fragmentos com mais de 3 hectares (ha) em \u00e1reas de mata madura.&nbsp;<strong>Seus registros apontaram que a perda na vegeta\u00e7\u00e3o passou de 14.697 hectares em 2023 para 14.366 hectares em 2024, o que representa uma redu\u00e7\u00e3o de 2% na \u00e1rea desmatada.<\/strong><\/p>\n\n\n\n<p>Ainda assim, tal&nbsp;<strong>desmatamento representa a emiss\u00e3o de cerca de 6,87 milh\u00f5es de toneladas de CO2 equivalente, valor compar\u00e1vel \u00e0s emiss\u00f5es anuais de Camar\u00f5es ou do Distrito Federal brasileiro, conforme divulgou a SOS Mata Atl\u00e2ntica, sobre a perda de mata madura em 2024.<\/strong><\/p>\n\n\n\n<p>J\u00e1 o<strong>&nbsp;SAD, parceria com o MapBiomas, que detecta tamb\u00e9m desmatamentos menores e enxerga \u00e1reas em regenera\u00e7\u00e3o, registrou queda de 14%.<\/strong>&nbsp;<strong>Foram 71.109 hectares desmatados em 2024 frente a 82.531 hectares do ano anterior. O total de alertas caiu de 7.396 para 5.693, mas a \u00e1rea m\u00e9dia por evento subiu de 11,2 para 12,5 hectares.<\/strong>&nbsp;Esses dados indicam desmatamentos maiores e mais concentrados.<\/p>\n\n\n\n<p>O&nbsp;<strong>Piau\u00ed e a Bahia lideram o&nbsp;<em>ranking<\/em>&nbsp;estadual, com, respectivamente, 26.030 e 23.218 hectares desmatados registrados pelo SAD.<\/strong><\/p>\n\n\n\n<h2 class=\"wp-block-heading\">Expans\u00e3o agropecu\u00e1ria<\/h2>\n\n\n\n<p>De acordo com o SAD Mata Atl\u00e2ntica, a expans\u00e3o da agropecu\u00e1ria em \u00e1reas privadas ainda \u00e9 o principal vetor do desmatamento do bioma, respondendo pela maioria dos alertas em 2024.&nbsp;<strong>Apesar da redu\u00e7\u00e3o da \u00e1rea desmatada em alertas menores que 50 hectares, as grandes derrubadas &#8211; acima de 50 hectares &#8211; permaneceram est\u00e1veis, o que elevou a \u00e1rea m\u00e9dia suprimida por evento.<\/strong><\/p>\n\n\n\n<p>Os&nbsp;<strong>levantamentos mostram ainda que, em 2024, mais de 70% das \u00e1reas desmatadas estavam em terras privadas ou em \u00e1reas sem registro fundi\u00e1rio formal. Segundo a funda\u00e7\u00e3o, isso reflete a disputa fundi\u00e1ria e a necessidade de maior regulariza\u00e7\u00e3o e fiscaliza\u00e7\u00e3o.<\/strong><\/p>\n\n\n\n<p>Para impedir o desmatamento decorrente da<strong>&nbsp;expans\u00e3o agropecu\u00e1ria<\/strong>, Guedes Pinto afirma que \u00e9 preciso a&nbsp;<strong>aplica\u00e7\u00e3o da lei da Mata Atl\u00e2ntica e o respeito \u00e0 legisla\u00e7\u00e3o, que diz que o desmatamento do bioma s\u00f3 pode ocorrer em situa\u00e7\u00f5es excepcionais de utilidade p\u00fablica e de interesse social.<\/strong><\/p>\n\n\n\n<blockquote class=\"wp-block-quote is-layout-flow wp-block-quote-is-layout-flow\">\n<p>\u201cA grande dificuldade \u00e9 a preven\u00e7\u00e3o e a fiscaliza\u00e7\u00e3o do desmatamento ilegal, que \u00e9 a maior parte do desmatamento que ocorre na Mata Atl\u00e2ntica\u201d, disse. \u201cA outra dificuldade \u00e9 que a gente ainda financia a agropecu\u00e1ria que tem desmatamento ilegal, isso est\u00e1 avan\u00e7ando aos poucos, mas basicamente a gente n\u00e3o tem nem o Estado nem o setor privado fazendo o seu papel de impedir que cheguem recursos para agricultura ilegal, para o desmatamento ilegal e que penalize, fiscalize e puna quem n\u00e3o est\u00e1 respeitando a lei\u201d, acrescentou.<\/p>\n<\/blockquote>\n\n\n\n<h2 class=\"wp-block-heading\"><strong>Desastres ambientais<\/strong><\/h2>\n\n\n\n<p><strong>No Rio Grande do Sul,<\/strong>&nbsp;os dados revelaram aumento do desmatamento, causado principalmente pelos deslizamentos decorrentes das chuvas de maio do ano passado. Os&nbsp;<strong>eventos classificados como desastres naturais responderam pela maior parte dos 3.307 hectares desmatados no ano, naquele estado. Em 2023, a \u00e1rea desmatada total foi de 962 hectares.<\/strong><\/p>\n\n\n\n<p>Considerando o&nbsp;<strong>desmatamento por causas naturais em 2024, os deslizamentos foram a principal fonte de perda no bioma, apontou Guedes Pinto. Os deslizamentos de terra acontecem devido a chuvas muito intensas, em um per\u00edodo de tempo muito pequeno, em \u00e1reas de risco de deslizamento. Em geral, essas \u00e1reas de risco t\u00eam alta decli<\/strong>vidade, como serras e morros.<\/p>\n\n\n\n<p>Exemplos disso s\u00e3o a regi\u00e3o serrana do Rio Grande do Sul, a Serra do Mar em S\u00e3o Paulo e as serras do Rio de Janeiro.<\/p>\n\n\n\n<blockquote class=\"wp-block-quote is-layout-flow wp-block-quote-is-layout-flow\">\n<p>\u201cS\u00e3o regi\u00f5es com declividade muito alta e solo raso, a rocha est\u00e1 muito perto da floresta. Se chove muito, o solo fica saturado de \u00e1gua, mais do que tem a capacidade de reter ou de escoar, e ent\u00e3o esse solo desliza, escorrega e junto vai a floresta que est\u00e1 em cima. E fica aquela imagem daquele solo exposto nos morros de onde a floresta escorregou,\u201d explicou.<\/p>\n<\/blockquote>\n\n\n\n<p>Os<strong>&nbsp;eventos clim\u00e1ticos extremos tamb\u00e9m impactaram \u00e1reas protegidas nos estados de S\u00e3o Paulo e do Rio de Janeiro.<\/strong><\/p>\n\n\n\n<blockquote class=\"wp-block-quote is-layout-flow wp-block-quote-is-layout-flow\">\n<p>\u201c\u00c9 urgente ampliar o foco da prote\u00e7\u00e3o ambiental. O desmatamento provocado por efeitos clim\u00e1ticos j\u00e1 \u00e9 mensur\u00e1vel e amea\u00e7a at\u00e9 mesmo Unidades de Conserva\u00e7\u00e3o. Se n\u00e3o houver a\u00e7\u00e3o coordenada entre prote\u00e7\u00e3o, uso da terra e adapta\u00e7\u00e3o clim\u00e1tica, continuaremos repetindo a equa\u00e7\u00e3o do desastre\u201d, alertou Guedes Pinto.<\/p>\n<\/blockquote>\n\n\n\n<p>Camila Boehm &#8211; Rep\u00f3rter da Ag\u00eancia Brasil<br>Foto: \u00a9 Fernando Fraz\u00e3o\/Ag\u00eancia Brasil<br><\/p>\n","protected":false},"excerpt":{"rendered":"<p>A \u00e1rea total desmatada no&nbsp;bioma da Mata Atl\u00e2ntica caiu 14% em 2024.&nbsp;No entanto, a perda<\/p>\n","protected":false},"author":2,"featured_media":104044,"comment_status":"open","ping_status":"open","sticky":false,"template":"","format":"standard","meta":{"footnotes":""},"categories":[17],"tags":[],"class_list":["post-104043","post","type-post","status-publish","format-standard","has-post-thumbnail","hentry","category-outras-noticias"],"_links":{"self":[{"href":"https:\/\/tvc16.com\/portal\/wp-json\/wp\/v2\/posts\/104043","targetHints":{"allow":["GET"]}}],"collection":[{"href":"https:\/\/tvc16.com\/portal\/wp-json\/wp\/v2\/posts"}],"about":[{"href":"https:\/\/tvc16.com\/portal\/wp-json\/wp\/v2\/types\/post"}],"author":[{"embeddable":true,"href":"https:\/\/tvc16.com\/portal\/wp-json\/wp\/v2\/users\/2"}],"replies":[{"embeddable":true,"href":"https:\/\/tvc16.com\/portal\/wp-json\/wp\/v2\/comments?post=104043"}],"version-history":[{"count":1,"href":"https:\/\/tvc16.com\/portal\/wp-json\/wp\/v2\/posts\/104043\/revisions"}],"predecessor-version":[{"id":104045,"href":"https:\/\/tvc16.com\/portal\/wp-json\/wp\/v2\/posts\/104043\/revisions\/104045"}],"wp:featuredmedia":[{"embeddable":true,"href":"https:\/\/tvc16.com\/portal\/wp-json\/wp\/v2\/media\/104044"}],"wp:attachment":[{"href":"https:\/\/tvc16.com\/portal\/wp-json\/wp\/v2\/media?parent=104043"}],"wp:term":[{"taxonomy":"category","embeddable":true,"href":"https:\/\/tvc16.com\/portal\/wp-json\/wp\/v2\/categories?post=104043"},{"taxonomy":"post_tag","embeddable":true,"href":"https:\/\/tvc16.com\/portal\/wp-json\/wp\/v2\/tags?post=104043"}],"curies":[{"name":"wp","href":"https:\/\/api.w.org\/{rel}","templated":true}]}}