{"id":104049,"date":"2025-05-12T12:12:43","date_gmt":"2025-05-12T15:12:43","guid":{"rendered":"https:\/\/tvc16.com\/portal\/?p=104049"},"modified":"2025-05-12T12:12:44","modified_gmt":"2025-05-12T15:12:44","slug":"em-2023-a-cada-duas-horas-cinco-jovens-foram-vitimas-de-homicidio","status":"publish","type":"post","link":"https:\/\/tvc16.com\/portal\/2025\/05\/12\/em-2023-a-cada-duas-horas-cinco-jovens-foram-vitimas-de-homicidio\/","title":{"rendered":"Em 2023, a cada duas horas cinco jovens foram v\u00edtimas de homic\u00eddio"},"content":{"rendered":"\n<p><strong>No ano de 2023, homic\u00eddios tiraram a vida de 21,8 mil jovens de 15 a 29 anos<\/strong>. Isso representa uma m\u00e9dia de 60 assassinatos por dia ou cinco a cada duas horas. A revela\u00e7\u00e3o \u00e9 um dos destaques do&nbsp;<em>Atlas da Viol\u00eancia 2025<\/em>, divulgado nesta segunda-feira (12), no Rio de Janeiro.<img decoding=\"async\" src=\"https:\/\/agenciabrasil.ebc.com.br\/ebc.png?id=1642328&amp;o=node\"><img decoding=\"async\" src=\"https:\/\/agenciabrasil.ebc.com.br\/ebc.gif?id=1642328&amp;o=node\"><\/p>\n\n\n\n<p><strong>O estudo apresenta um amplo mapeamento da viol\u00eancia no pa\u00eds<\/strong>, se debru\u00e7ando sobre diversos grupos populacionais. Em todo o Brasil, ocorreram 45,7 mil homic\u00eddios, ou seja,&nbsp;<strong>a morte violenta de jovens representou praticamente metade (47,8%) de todos os homic\u00eddios no Brasil em 2023<\/strong>.<\/p>\n\n\n\n<p>A morte violenta foi tamb\u00e9m a principal causa de \u00f3bito na popula\u00e7\u00e3o de 15 a 29 anos.&nbsp;<strong>De cada 100 pessoas que morreram nessa faixa et\u00e1ria, 34 foram v\u00edtimas de homic\u00eddio. Os homens representam 93,5% dos registros.<\/strong><\/p>\n\n\n\n<p>O&nbsp;<em>Atlas da Viol\u00eancia<\/em>&nbsp;\u00e9 elaborado pelo Instituto de Pesquisa Econ\u00f4mica Aplicada (Ipea), vinculado ao governo federal, e pelo F\u00f3rum Brasileiro de Seguran\u00e7a P\u00fablica (FBSP), uma organiza\u00e7\u00e3o sem fins lucrativos.<\/p>\n\n\n\n<p><a href=\"https:\/\/www.whatsapp.com\/channel\/0029VaoRTgrInlqYLSk59B2M\" target=\"_blank\" rel=\"noreferrer noopener\">&gt;&gt; Siga o canal da&nbsp;<strong>Ag\u00eancia Brasil<\/strong>&nbsp;no WhatsApp<\/a><\/p>\n\n\n\n<p>O estudo coordenado pelo pesquisador Daniel Cerqueira, do Ipea, e pela diretora executiva do FBSP, Samira Bueno, coleta dados de fontes oficiais, como o Instituto Brasileiro de Geografia e Estat\u00edstica (IBGE), respons\u00e1vel pela contagem da popula\u00e7\u00e3o, e o Sistema de Informa\u00e7\u00f5es sobre Mortalidade (SIM) e Sistema de Informa\u00e7\u00e3o de Agravos de Notifica\u00e7\u00e3o (Sinan), do Minist\u00e9rio da Sa\u00fade.<\/p>\n\n\n\n<h2 class=\"wp-block-heading\">Taxa de homic\u00eddio<\/h2>\n\n\n\n<p>A taxa de homic\u00eddios de jovens de 15 a 29 anos foi de 45,1 a cada 100 mil pessoas em 2023, mais que o dobro do indicador da popula\u00e7\u00e3o brasileira como um todo (21,2). No entanto,&nbsp;<strong>desde 2020, quando a taxa era de 54,8, o \u00edndice de homic\u00eddios dos jovens apresenta quedas seguidas<\/strong>.<\/p>\n\n\n\n<p>\u201cA criminalidade violenta produz diversas externalidades negativas, entre as quais se destacam o menor crescimento econ\u00f4mico, a redu\u00e7\u00e3o no desenvolvimento educacional de crian\u00e7as e adolescentes e a diminui\u00e7\u00e3o da participa\u00e7\u00e3o no mercado de trabalho\u201d, diz trecho do estudo.<\/p>\n\n\n\n<h2 class=\"wp-block-heading\">Mulheres<\/h2>\n\n\n\n<p><strong>A observa\u00e7\u00e3o de dados espec\u00edfico de mulheres exp\u00f5e 3.903 homic\u00eddios em 2023, representando taxa de 3,5 por 100 mil habitantes. O dado \u00e9 praticamente o mesmo desde 2019.<\/strong><\/p>\n\n\n\n<blockquote class=\"wp-block-quote is-layout-flow wp-block-quote-is-layout-flow\">\n<p>\u201c\u00c9 poss\u00edvel observar que a redu\u00e7\u00e3o foi mais expressiva na popula\u00e7\u00e3o em geral do que entre as mulheres\u201d, frisa o estudo.<\/p>\n<\/blockquote>\n\n\n\n<p>A an\u00e1lise por unidades da federa\u00e7\u00e3o mostra onde a vida das mulheres enfrenta maior risco.&nbsp;<strong>Em Roraima, a taxa de homic\u00eddio feminina (10,4) foi o triplo da brasileira<\/strong>. Na sequ\u00eancia aparecem Amazonas, Bahia e Rond\u00f4nia, todos com indicador de 5,9 homic\u00eddios por 100 mil habitantes.<\/p>\n\n\n\n<p>As unidades da federa\u00e7\u00e3o com taxas mais baixas foram S\u00e3o Paulo (1,6), Minas Gerais (2,6) Distrito Federal (2,7) e Santa Catarina (2,8).<\/p>\n\n\n\n<h2 class=\"wp-block-heading\">LGBTQIAPN+<\/h2>\n\n\n\n<p>Em rela\u00e7\u00e3o \u00e0 popula\u00e7\u00e3o classificada pelo documento como LGBTQIAPN+ (designa l\u00e9sbicas, gays, bissexuais, travestis, trans, queers, intersexuais, assexuais, pansexuais, n\u00e3o-bin\u00e1rias, entre outras), os dados s\u00e3o referentes a interna\u00e7\u00f5es por agress\u00f5es.<\/p>\n\n\n\n<p><strong>Em 2023, os casos de viol\u00eancia contra homossexuais e bissexuais registrados no sistema de sa\u00fade aumentaram 35% em rela\u00e7\u00e3o ao ano anterior,&nbsp;<\/strong>passando de 14,5 mil em 2022 para 19,6 mil no ano de refer\u00eancia do Atlas.<\/p>\n\n\n\n<p><strong>J\u00e1 registros de viol\u00eancia contra pessoas transsexuais e travestis aumentaram 43%, indo de 3,8 mil para 5,5 mil.<\/strong><\/p>\n\n\n\n<p>Os pesquisadores fazem a ressalva de que os dados coletados n\u00e3o possuem qualquer tipo de contextualiza\u00e7\u00e3o em torno da motiva\u00e7\u00e3o da agress\u00e3o, \u201cn\u00e3o cabendo atribui\u00e7\u00e3o de discrimina\u00e7\u00e3o LGBTf\u00f3bica especificamente\u201d.<\/p>\n\n\n\n<p>Bruno de Freitas Moura \u2013 Rep\u00f3rter da Ag\u00eancia Brasil<br>Foto: \u00a9 Paulo Pinto\/Ag\u00eancia Brasil<br><\/p>\n","protected":false},"excerpt":{"rendered":"<p>No ano de 2023, homic\u00eddios tiraram a vida de 21,8 mil jovens de 15 a<\/p>\n","protected":false},"author":2,"featured_media":104050,"comment_status":"open","ping_status":"open","sticky":false,"template":"","format":"standard","meta":{"footnotes":""},"categories":[17],"tags":[],"class_list":["post-104049","post","type-post","status-publish","format-standard","has-post-thumbnail","hentry","category-outras-noticias"],"_links":{"self":[{"href":"https:\/\/tvc16.com\/portal\/wp-json\/wp\/v2\/posts\/104049","targetHints":{"allow":["GET"]}}],"collection":[{"href":"https:\/\/tvc16.com\/portal\/wp-json\/wp\/v2\/posts"}],"about":[{"href":"https:\/\/tvc16.com\/portal\/wp-json\/wp\/v2\/types\/post"}],"author":[{"embeddable":true,"href":"https:\/\/tvc16.com\/portal\/wp-json\/wp\/v2\/users\/2"}],"replies":[{"embeddable":true,"href":"https:\/\/tvc16.com\/portal\/wp-json\/wp\/v2\/comments?post=104049"}],"version-history":[{"count":1,"href":"https:\/\/tvc16.com\/portal\/wp-json\/wp\/v2\/posts\/104049\/revisions"}],"predecessor-version":[{"id":104051,"href":"https:\/\/tvc16.com\/portal\/wp-json\/wp\/v2\/posts\/104049\/revisions\/104051"}],"wp:featuredmedia":[{"embeddable":true,"href":"https:\/\/tvc16.com\/portal\/wp-json\/wp\/v2\/media\/104050"}],"wp:attachment":[{"href":"https:\/\/tvc16.com\/portal\/wp-json\/wp\/v2\/media?parent=104049"}],"wp:term":[{"taxonomy":"category","embeddable":true,"href":"https:\/\/tvc16.com\/portal\/wp-json\/wp\/v2\/categories?post=104049"},{"taxonomy":"post_tag","embeddable":true,"href":"https:\/\/tvc16.com\/portal\/wp-json\/wp\/v2\/tags?post=104049"}],"curies":[{"name":"wp","href":"https:\/\/api.w.org\/{rel}","templated":true}]}}