{"id":104062,"date":"2025-05-12T13:10:40","date_gmt":"2025-05-12T16:10:40","guid":{"rendered":"https:\/\/tvc16.com\/portal\/?p=104062"},"modified":"2025-05-12T13:10:41","modified_gmt":"2025-05-12T16:10:41","slug":"balcao-de-empregos-da-prefeitura-oferece-mais-41-vagas-para-esta-semana","status":"publish","type":"post","link":"https:\/\/tvc16.com\/portal\/2025\/05\/12\/balcao-de-empregos-da-prefeitura-oferece-mais-41-vagas-para-esta-semana\/","title":{"rendered":"Balc\u00e3o de Empregos da Prefeitura oferece mais 41 vagas para esta semana"},"content":{"rendered":"\n<p>A Prefeitura, por meio do Balc\u00e3o de Empregos, est\u00e1 oferecendo 41 oportunidades de emprego entre segunda-feira (12) a sexta-feira (16). Os candidatos podem realizar o cadastro de seus curr\u00edculos no site da Prefeitura (https:\/\/www.petropolis.rj.gov.br)<\/p>\n\n\n\n<p>S\u00e3o 14 oportunidades de primeiro emprego que n\u00e3o exigem experi\u00eancia, em vagas para: assistente de processos qu\u00edmicos e mec\u00e2nicos, assistente mec\u00e2nico de motores aeron\u00e1uticos, Auxiliar de tr\u00e1fego, Frentista, gar\u00e7om, Operador de centro de usinagem com comando num\u00e9rico e operador de m\u00e1quina CNC<\/p>\n\n\n\n<p>O Balc\u00e3o desta semana tamb\u00e9m conta com nove vagas destinadas a pessoas com defici\u00eancia: agente de limpeza, atendente e auxiliar de tr\u00e1fego e Auxiliar de Pedreiro.<\/p>\n\n\n\n<p>Veja todas as oportunidades desta semana:<\/p>\n\n\n\n<p>A\u00e7ougueiro &#8211; Ensino M\u00e9dio \/ Experi\u00eancia de 1 ano na fun\u00e7\u00e3o &#8211; 3 vagas<\/p>\n\n\n\n<p>Assistente de Processos Qu\u00edmicos e Mec\u00e2nicos &#8211; Ensino M\u00e9dio \/ Curso SENAI \/ Disponibilidade para trabalhar em turnos &#8211; 7 vagas<\/p>\n\n\n\n<p>Assistente Mec\u00e2nico de Motores Aeron\u00e1uticos &#8211; Ensino M\u00e9dio \/ Cursos espec\u00ecficos na \u00e1rea &#8211; 1 vaga<\/p>\n\n\n\n<p>Auxiliar de Cozinha &#8211; Ensino M\u00e9dio \/ Experi\u00eancia de 1 ano na fun\u00e7\u00e3o &#8211; 1 vaga<\/p>\n\n\n\n<p>Auxiliar de Servi\u00e7os Gerais &#8211; Ensino Fundamental \/ Experi\u00eancia na fun\u00e7\u00e3o &#8211; 1 vaga<\/p>\n\n\n\n<p>Auxiliar de Tr\u00e1fego &#8211; Ensino Fundamental &#8211; 2 vagas<\/p>\n\n\n\n<p>Comprador &#8211; Ensino M\u00e9dio \/ CNH Cat. B Cursos espec\u00edficos na \u00e1rea \/ Experi\u00eancia na fun\u00e7\u00e3o &#8211; 1 vaga<\/p>\n\n\n\n<p>Costureira Retista &#8211; Ensino M\u00e9dio \/ Experi\u00eancia de 2 anos na Fun\u00e7\u00e3o &#8211; 2 vagas<\/p>\n\n\n\n<p>Frentista &#8211; Ensino M\u00e9dio &#8211; 1 vaga<\/p>\n\n\n\n<p>Gar\u00e7om &#8211; Ensino M\u00e9dio &#8211; 1 vaga<\/p>\n\n\n\n<p>Limpador &#8211; Ensino Fundamental \/ Experi\u00eancia na fun\u00e7\u00e3o &#8211; 1 vaga<\/p>\n\n\n\n<p>Marceneiro &#8211; Ensino M\u00e9dio \/ Experi\u00eancia na fun\u00e7\u00e3o &#8211; 2 vagas<\/p>\n\n\n\n<p>Motorista Rodovi\u00e1rio Pleno &#8211; Ensino Fundamental \/ CNH Cat. D \/ Experi\u00eancia na fun\u00e7\u00e3o &#8211; 2 vagas &#8211; 2 vagas<\/p>\n\n\n\n<p>Op. De Centro de Usinagem com Comando Num\u00e9rico &#8211; Ensino M\u00e9dio \/ Curso espec\u00edfico na \u00e1rea &#8211; 1 vaga<\/p>\n\n\n\n<p>Operador de Loja &#8211; Ensino M\u00e9dio \/ Experi\u00eancia de 1 ano na fun\u00e7\u00e3o &#8211; 4 vagas<\/p>\n\n\n\n<p>Operador de M\u00e1quina CNC &#8211; Ensino M\u00e9dio \/ Curso espec\u00edfico na \u00e1rea &#8211; 1 vaga<\/p>\n\n\n\n<p>Serralheiro &#8211; Ensino M\u00e9dio \/ Curso espec\u00edfico na \u00e1rea \/ Experi\u00eancia de 1 ano na fun\u00e7\u00e3o &#8211; 1 vaga<\/p>\n\n\n\n<p>Agente de Limpeza (Pessoa com Defici\u00eancia) &#8211; Ensino Fundamental \/ Possuir laudo que comprove defici\u00eancia que permita a realiza\u00e7\u00e3o das atividades com seguran\u00e7a &#8211; 2 vagas<\/p>\n\n\n\n<p>Atendente (Pessoa com Defici\u00eancia) &#8211; Ensino Fundamental \/ Possuir laudo que comprove defici\u00eancia que permita a realiza\u00e7\u00e3o das atividades com seguran\u00e7a &#8211; 4 vagas<\/p>\n\n\n\n<p>Auxiliar de Pedreiro (Pessoa com Defici\u00eancia) &#8211; Ensino Fundamental \/ Possuir laudo que comprove defici\u00eancia que permita a realiza\u00e7\u00e3o das atividades com seguran\u00e7a &#8211; 1 vaga<\/p>\n\n\n\n<p>Auxiliar de Tr\u00e1fego (Pessoa com Defici\u00eancia) &#8211; Ensino Fundamental \/ Possuir laudo que comprove defici\u00eancia que permita a realiza\u00e7\u00e3o das atividades com seguran\u00e7a &#8211; 2 vagas<\/p>\n\n\n\n<p>Foto: Ag\u00eancia Brasil<\/p>\n","protected":false},"excerpt":{"rendered":"<p>A Prefeitura, por meio do Balc\u00e3o de Empregos, est\u00e1 oferecendo 41 oportunidades de emprego entre<\/p>\n","protected":false},"author":2,"featured_media":94894,"comment_status":"open","ping_status":"open","sticky":false,"template":"","format":"standard","meta":{"footnotes":""},"categories":[12],"tags":[],"class_list":["post-104062","post","type-post","status-publish","format-standard","has-post-thumbnail","hentry","category-cidade"],"_links":{"self":[{"href":"https:\/\/tvc16.com\/portal\/wp-json\/wp\/v2\/posts\/104062","targetHints":{"allow":["GET"]}}],"collection":[{"href":"https:\/\/tvc16.com\/portal\/wp-json\/wp\/v2\/posts"}],"about":[{"href":"https:\/\/tvc16.com\/portal\/wp-json\/wp\/v2\/types\/post"}],"author":[{"embeddable":true,"href":"https:\/\/tvc16.com\/portal\/wp-json\/wp\/v2\/users\/2"}],"replies":[{"embeddable":true,"href":"https:\/\/tvc16.com\/portal\/wp-json\/wp\/v2\/comments?post=104062"}],"version-history":[{"count":1,"href":"https:\/\/tvc16.com\/portal\/wp-json\/wp\/v2\/posts\/104062\/revisions"}],"predecessor-version":[{"id":104063,"href":"https:\/\/tvc16.com\/portal\/wp-json\/wp\/v2\/posts\/104062\/revisions\/104063"}],"wp:featuredmedia":[{"embeddable":true,"href":"https:\/\/tvc16.com\/portal\/wp-json\/wp\/v2\/media\/94894"}],"wp:attachment":[{"href":"https:\/\/tvc16.com\/portal\/wp-json\/wp\/v2\/media?parent=104062"}],"wp:term":[{"taxonomy":"category","embeddable":true,"href":"https:\/\/tvc16.com\/portal\/wp-json\/wp\/v2\/categories?post=104062"},{"taxonomy":"post_tag","embeddable":true,"href":"https:\/\/tvc16.com\/portal\/wp-json\/wp\/v2\/tags?post=104062"}],"curies":[{"name":"wp","href":"https:\/\/api.w.org\/{rel}","templated":true}]}}