{"id":104064,"date":"2025-05-13T05:00:00","date_gmt":"2025-05-13T08:00:00","guid":{"rendered":"https:\/\/tvc16.com\/portal\/?p=104064"},"modified":"2025-05-12T13:35:16","modified_gmt":"2025-05-12T16:35:16","slug":"focus-mercado-reduz-expectativa-de-inflacao-em-2025-para-551","status":"publish","type":"post","link":"https:\/\/tvc16.com\/portal\/2025\/05\/13\/focus-mercado-reduz-expectativa-de-inflacao-em-2025-para-551\/","title":{"rendered":"Focus: mercado reduz expectativa de infla\u00e7\u00e3o em 2025 para 5,51%"},"content":{"rendered":"\n<p>A estimativa de analistas do mercado financeiro divulgadas no<a href=\"https:\/\/www.bcb.gov.br\/content\/focus\/focus\/R20250509.pdf\" target=\"_blank\" rel=\"noreferrer noopener\">&nbsp;boletim Focus desta segunda-feira (12)<\/a>&nbsp;aponta&nbsp;uma nova queda no \u00cdndice Nacional de Pre\u00e7os ao Consumidor Amplo (IPCA) de 2025:<strong>&nbsp;de 5,53%,&nbsp;<a href=\"https:\/\/agenciabrasil.ebc.com.br\/economia\/noticia\/2025-05\/mercado-espera-ultima-alta-da-selic-em-2025-1475-ao-ano\" target=\"_blank\" rel=\"noreferrer noopener\">na semana passada<\/a>, para 5,51%, nesta terceira semana de maio<\/strong>.<img decoding=\"async\" src=\"https:\/\/agenciabrasil.ebc.com.br\/ebc.png?id=1642387&amp;o=node\"><img decoding=\"async\" src=\"https:\/\/agenciabrasil.ebc.com.br\/ebc.gif?id=1642387&amp;o=node\"><\/p>\n\n\n\n<p>Esta \u00e9 a quarta queda consecutiva na expectativa do mercado financeiro sobre a infla\u00e7\u00e3o oficial do pa\u00eds. A pesquisa \u00e9 divulgada pelo Banco Central semanalmente, \u00e0s segundas-feiras,&nbsp;sobre os principais indicadores econ\u00f4micos do pa\u00eds.<\/p>\n\n\n\n<p><strong>Para 2026, os economistas projetam a infla\u00e7\u00e3o tamb\u00e9m para baixo: de 4,51%, no boletim Focus da \u00faltima segunda-feira (5), para 4,50%, agora.<\/strong>&nbsp;J\u00e1 para os dois anos seguintes (2027 e 2028), as proje\u00e7\u00f5es foram mantidas em 4% e 3,80%, respectivamente.<\/p>\n\n\n\n<p>De acordo com o Instituto Brasileiro de Geografia e Estat\u00edstica (IBGE), o IPCA mede a varia\u00e7\u00e3o m\u00e9dia dos pre\u00e7os de um conjunto de bens e servi\u00e7os consumidos pelas fam\u00edlias brasileiras com renda mensal entre um e 40 sal\u00e1rios m\u00ednimos.<\/p>\n\n\n\n<h2 class=\"wp-block-heading\">Selic<\/h2>\n\n\n\n<p>Apesar de o mercado financeiro esperar a queda da infla\u00e7\u00e3o para os pr\u00f3ximos anos, os mesmos analistas n\u00e3o veem altera\u00e7\u00e3o na taxa b\u00e1sica de juros da economia, a Selic.<\/p>\n\n\n\n<p>Na \u00faltima semana, por unanimidade, o Comit\u00ea de Pol\u00edtica Monet\u00e1ria (Copom) do Banco Central&nbsp;<a href=\"https:\/\/agenciabrasil.ebc.com.br\/economia\/noticia\/2025-05\/copom-eleva-juros-basicos-da-economia-para-1475-ao-ano\" target=\"_blank\" rel=\"noreferrer noopener\">elevou a taxa Selic em 0,5 ponto percentual, para 14,75% ao ano<\/a>. A pr\u00f3xima reuni\u00e3o do Copom ser\u00e1 realizada nos dias 17 e 18 de junho.<\/p>\n\n\n\n<p>De acordo com a previs\u00e3o divulgada no Focus,&nbsp;<strong>essa taxa de refer\u00eancia da pol\u00edtica monet\u00e1ria deve ser mantida nas pr\u00f3ximas reuni\u00f5es do Copom e encerrar 2025 em 14,75% ao ano.<\/strong><\/p>\n\n\n\n<p>Para o fim de 2026, a estimativa \u00e9 que os juros&nbsp;permane\u00e7am em 12,50% ao ano. Para 2027 e 2028, a previs\u00e3o foi mantida em 10,50% ao ano e 10% ao ano, respectivamente.<\/p>\n\n\n\n<h2 class=\"wp-block-heading\">PIB<\/h2>\n\n\n\n<p>A an\u00e1lise econ\u00f4mica aponta que&nbsp;<strong>o ano deve fechar com o Produto Interno Bruto (PIB, a soma dos bens e servi\u00e7os produzidos no pa\u00eds) em 2%, mantendo a expectativa projetada na semana passada<\/strong>.<\/p>\n\n\n\n<p>Em 2024, o PIB do Brasil&nbsp;<a href=\"https:\/\/agenciabrasil.ebc.com.br\/economia\/noticia\/2025-03\/economia-brasileira-cresce-34-em-2024-maior-alta-desde-2021\" target=\"_blank\" rel=\"noreferrer noopener\">registrou um crescimento de 3,4%<\/a>&nbsp;em rela\u00e7\u00e3o a 2023 e alcan\u00e7ou R$ 11,7 trilh\u00f5es. Esse foi o maior crescimento anual desde 2021, informou&nbsp;o IBGE.<\/p>\n\n\n\n<p><strong>Para 2026, a proje\u00e7\u00e3o para o PIB permanece&nbsp;em 1,7%.&nbsp;<\/strong>A estimativa para 2027 e 2028 se manteve em 2%.<\/p>\n\n\n\n<h2 class=\"wp-block-heading\">C\u00e2mbio<\/h2>\n\n\n\n<p>Nesta edi\u00e7\u00e3o do Focus,&nbsp;<strong>a previs\u00e3o do mercado financeiro para o d\u00f3lar caiu para o fim de 2025, de US$ 5,86 para US$ 5,85.<\/strong>&nbsp;A&nbsp;expectativa&nbsp;para a moeda norte-americana para 2026 tamb\u00e9m teve queda, de US$ 5,91 para US$ 5,90. Para os anos seguintes, a cota\u00e7\u00e3o da moeda estrangeira caiu para US$ 5,80, em 2027, e para US$ 5,82, em 2028.<\/p>\n\n\n\n<p>Daniella Almeida &#8211; Rep\u00f3rter da Ag\u00eancia Brasil<br>Foto: \u00a9 Jos\u00e9 Cruz\/Ag\u00eancia Brasil<br><\/p>\n","protected":false},"excerpt":{"rendered":"<p>A estimativa de analistas do mercado financeiro divulgadas no&nbsp;boletim Focus desta segunda-feira (12)&nbsp;aponta&nbsp;uma nova queda<\/p>\n","protected":false},"author":2,"featured_media":104065,"comment_status":"open","ping_status":"open","sticky":false,"template":"","format":"standard","meta":{"footnotes":""},"categories":[17],"tags":[],"class_list":["post-104064","post","type-post","status-publish","format-standard","has-post-thumbnail","hentry","category-outras-noticias"],"_links":{"self":[{"href":"https:\/\/tvc16.com\/portal\/wp-json\/wp\/v2\/posts\/104064","targetHints":{"allow":["GET"]}}],"collection":[{"href":"https:\/\/tvc16.com\/portal\/wp-json\/wp\/v2\/posts"}],"about":[{"href":"https:\/\/tvc16.com\/portal\/wp-json\/wp\/v2\/types\/post"}],"author":[{"embeddable":true,"href":"https:\/\/tvc16.com\/portal\/wp-json\/wp\/v2\/users\/2"}],"replies":[{"embeddable":true,"href":"https:\/\/tvc16.com\/portal\/wp-json\/wp\/v2\/comments?post=104064"}],"version-history":[{"count":1,"href":"https:\/\/tvc16.com\/portal\/wp-json\/wp\/v2\/posts\/104064\/revisions"}],"predecessor-version":[{"id":104066,"href":"https:\/\/tvc16.com\/portal\/wp-json\/wp\/v2\/posts\/104064\/revisions\/104066"}],"wp:featuredmedia":[{"embeddable":true,"href":"https:\/\/tvc16.com\/portal\/wp-json\/wp\/v2\/media\/104065"}],"wp:attachment":[{"href":"https:\/\/tvc16.com\/portal\/wp-json\/wp\/v2\/media?parent=104064"}],"wp:term":[{"taxonomy":"category","embeddable":true,"href":"https:\/\/tvc16.com\/portal\/wp-json\/wp\/v2\/categories?post=104064"},{"taxonomy":"post_tag","embeddable":true,"href":"https:\/\/tvc16.com\/portal\/wp-json\/wp\/v2\/tags?post=104064"}],"curies":[{"name":"wp","href":"https:\/\/api.w.org\/{rel}","templated":true}]}}