{"id":10407,"date":"2021-02-14T10:06:21","date_gmt":"2021-02-14T13:06:21","guid":{"rendered":"https:\/\/tvc16.com\/portal\/?p=10407"},"modified":"2021-02-14T10:06:24","modified_gmt":"2021-02-14T13:06:24","slug":"governo-do-estado-do-rio-de-janeiro-esta-investindo-mais-de-r-62-milhoes-para-apoiar-a-industria-do-carnaval-e-ajudar-a-minimizar-o-impacto-economico-causado-pela-pandemia-da-covid-19","status":"publish","type":"post","link":"https:\/\/tvc16.com\/portal\/2021\/02\/14\/governo-do-estado-do-rio-de-janeiro-esta-investindo-mais-de-r-62-milhoes-para-apoiar-a-industria-do-carnaval-e-ajudar-a-minimizar-o-impacto-economico-causado-pela-pandemia-da-covid-19\/","title":{"rendered":"Governo do Estado do Rio de Janeiro est\u00e1 investindo mais de R$ 6,2 milh\u00f5es para apoiar a ind\u00fastria do Carnaval e ajudar a minimizar o impacto econ\u00f4mico causado pela pandemia da Covid-19"},"content":{"rendered":"\n<p>Na pr\u00f3xima semana, a Secretaria de Cultura e Economia Criativa lan\u00e7a editais para auxiliar eventos online para a escolha de sambas-enredo de oito escolas do Grupo Especial e apresenta\u00e7\u00f5es de blocos de rua por meio do\u00a0Fundo Estadual de Cultura. Cada agremia\u00e7\u00e3o receber\u00e1\u00a0R$ 150 mil e os\u00a0blocos Sebastiana e Amigos do Z\u00e9 Pereira,\u00a0R$ 200 mil no total.\u00a0Al\u00e9m disso, o Estado j\u00e1 aplicou\u00a0recursos no valor de R$ 5 milh\u00f5es por meio da Lei Aldir Blanc em 103 projetos carnavalescos.<\/p>\n\n\n\n<p>&#8211; Infelizmente, a pandemia da Covid-19 nos impede este ano de realizar o maior Carnaval do mundo, mas temos que pensar na seguran\u00e7a da popula\u00e7\u00e3o. Para reduzir o impacto financeiro no setor, estamos apoiando as escolas de samba e os blocos de rua atrav\u00e9s do repasse desses recursos, da Lei Aldir Blanc e do Fundo Estadual de Cultura. J\u00e1 preparando o Carnaval de 2022, quando toda a popula\u00e7\u00e3o fluminense estiver imunizada contra o novo coronav\u00edrus &#8211; afirmou o governador em exerc\u00edcio, Cl\u00e1udio Castro.<\/p>\n\n\n\n<p>O edital que beneficia as agremia\u00e7\u00f5es da&nbsp;Liga Independente das Escolas de Samba do Rio de Janeiro (Liesa) vai&nbsp;garantir renda para profissionais que atuam na&nbsp;Imperatriz, Mangueira, Salgueiro, S\u00e3o Clemente, Para\u00edso do Tuiuti, Portela, Unidos da Tijuca e Vila Isabel.&nbsp;A&nbsp;escolha dos sambas-enredo deve ser realizada em quatro etapas,&nbsp;todas com transmiss\u00e3o pela internet. As apresenta\u00e7\u00f5es eliminat\u00f3rias e as finais acontecem&nbsp;na Cidade do Samba, no Santo Cristo, por conta da boa infraestrutura e condi\u00e7\u00f5es de acessibilidade, com respeito aos protocolos de seguran\u00e7a contra a Covid-19.&nbsp;As outras quatro agremia\u00e7\u00f5es da Liesa foram atendidas com recursos da Lei Aldir Blanc e contempladas com o mesmo valor.<\/p>\n\n\n\n<p>&#8211; O cancelamento dos desfiles gera um preju\u00edzo incalcul\u00e1vel, mas foi uma medida acertada para o atual momento. Entendemos como merecido esse apoio \u00e0s escolas diante de tudo que j\u00e1 fizeram pela cultura do estado e pelo que elas contribuem em termos de gera\u00e7\u00e3o de emprego e renda. \u00c9 um momento de unirmos for\u00e7a para que essa ind\u00fastria possa se manter viva e possa fazer um belo espet\u00e1culo ano que vem &#8211; afirmou a secret\u00e1ria de Cultura, Danielle Barros.<\/p>\n\n\n\n<p>J\u00e1 as apresenta\u00e7\u00f5es dos blocos Sebastiana e Amigos do Z\u00e9 Pereira, que se juntou ao Bola Preta,&nbsp;devem acontecer em uma casa de espet\u00e1culo em data a ser definida.&nbsp;Os shows, transmitidos pela internet, contar\u00e3o tamb\u00e9m com p\u00fablico presente restrito, seguindo as regras de preven\u00e7\u00e3o contra a Covid-19.<\/p>\n","protected":false},"excerpt":{"rendered":"<p>Na pr\u00f3xima semana, a Secretaria de Cultura e Economia Criativa lan\u00e7a editais para auxiliar eventos<\/p>\n","protected":false},"author":2,"featured_media":10408,"comment_status":"open","ping_status":"open","sticky":false,"template":"","format":"standard","meta":{"footnotes":""},"categories":[17],"tags":[],"class_list":["post-10407","post","type-post","status-publish","format-standard","has-post-thumbnail","hentry","category-outras-noticias"],"_links":{"self":[{"href":"https:\/\/tvc16.com\/portal\/wp-json\/wp\/v2\/posts\/10407","targetHints":{"allow":["GET"]}}],"collection":[{"href":"https:\/\/tvc16.com\/portal\/wp-json\/wp\/v2\/posts"}],"about":[{"href":"https:\/\/tvc16.com\/portal\/wp-json\/wp\/v2\/types\/post"}],"author":[{"embeddable":true,"href":"https:\/\/tvc16.com\/portal\/wp-json\/wp\/v2\/users\/2"}],"replies":[{"embeddable":true,"href":"https:\/\/tvc16.com\/portal\/wp-json\/wp\/v2\/comments?post=10407"}],"version-history":[{"count":1,"href":"https:\/\/tvc16.com\/portal\/wp-json\/wp\/v2\/posts\/10407\/revisions"}],"predecessor-version":[{"id":10409,"href":"https:\/\/tvc16.com\/portal\/wp-json\/wp\/v2\/posts\/10407\/revisions\/10409"}],"wp:featuredmedia":[{"embeddable":true,"href":"https:\/\/tvc16.com\/portal\/wp-json\/wp\/v2\/media\/10408"}],"wp:attachment":[{"href":"https:\/\/tvc16.com\/portal\/wp-json\/wp\/v2\/media?parent=10407"}],"wp:term":[{"taxonomy":"category","embeddable":true,"href":"https:\/\/tvc16.com\/portal\/wp-json\/wp\/v2\/categories?post=10407"},{"taxonomy":"post_tag","embeddable":true,"href":"https:\/\/tvc16.com\/portal\/wp-json\/wp\/v2\/tags?post=10407"}],"curies":[{"name":"wp","href":"https:\/\/api.w.org\/{rel}","templated":true}]}}