{"id":104070,"date":"2025-05-13T05:00:00","date_gmt":"2025-05-13T08:00:00","guid":{"rendered":"https:\/\/tvc16.com\/portal\/?p=104070"},"modified":"2025-05-12T16:11:03","modified_gmt":"2025-05-12T19:11:03","slug":"4a-corrida-de-rua-de-pcd-acontece-dia-18-de-maio","status":"publish","type":"post","link":"https:\/\/tvc16.com\/portal\/2025\/05\/13\/4a-corrida-de-rua-de-pcd-acontece-dia-18-de-maio\/","title":{"rendered":"4\u00aa Corrida de Rua de PCD acontece dia 18 de maio"},"content":{"rendered":"\n<p>A quarta edi\u00e7\u00e3o da Corrida de Rua de PCD \u201cCorrida dos INcans\u00e1veis 2025\u201d, acontece no pr\u00f3ximo domingo, dia 18 de maio. Com o objetivo de valorizar e reconhecer o espa\u00e7o das pessoas com defici\u00eancia no esporte, a corrida \u00e9 uma realiza\u00e7\u00e3o da Prefeitura de Petr\u00f3polis e do Projeto INcluir.<\/p>\n\n\n\n<p>&#8220;O esporte \u00e9 um poderoso movimentador social, um meio eficaz para desenvolver o lazer e a socializa\u00e7\u00e3o. Al\u00e9m disso, \u00e9 uma ferramenta valiosa para promover a sa\u00fade, a disciplina e a inclus\u00e3o. Como governo, \u00e9 fundamental trabalharmos para garantir acesso para todos\u201d, disse o prefeito Hingo Hammes.<\/p>\n\n\n\n<p>A concentra\u00e7\u00e3o est\u00e1 marcada para \u00e0s 9h e a largada, \u00e0s 10h, na Pra\u00e7a 14 Bis, no Centro. O trajeto \u00e9 pelas principais ruas do Centro Hist\u00f3rico, com uma volta pela Pra\u00e7a da Liberdade, percorre ida e volta pela Avenida Koeler, seguindo pela Avenida Roberto Silveira, sentido Rua Alfredo Pach\u00e1 e voltando pela Avenida Roberto Silveira, finalizando na Pra\u00e7a 14 Bis.<\/p>\n\n\n\n<p>\u201cNosso objetivo \u00e9 ir al\u00e9m de oferecer servi\u00e7os. Estamos comprometidos em promover a socializa\u00e7\u00e3o, o lazer e a qualidade de vida para as pessoas com defici\u00eancia, criando oportunidades que valorizem sua inclus\u00e3o e participa\u00e7\u00e3o na sociedade\u201d, acrescentou o secret\u00e1rio da Pessoa com Defici\u00eancia, Leandro Kronenberger.<\/p>\n\n\n\n<p>A corrida tamb\u00e9m abra\u00e7a a causa da sustentabilidade, funcionando como ponto de coleta de tampinhas pl\u00e1sticas, lacres de alum\u00ednio e \u00f3leo de cozinha usado. &#8216;Nosso prop\u00f3sito \u00e9 construir um mundo mais sustent\u00e1vel e inclusivo. A Corrida os INcans\u00e1veis \u00e9 tamb\u00e9m uma oportunidade de dar visibilidade \u00e0s pessoas com defici\u00eancia e fortalecer a luta por direitos e acessibilidade. Esperamos receber um grande p\u00fablico para que nossas a\u00e7\u00f5es continuem gerando impacto positivo na constru\u00e7\u00e3o de uma sociedade verdadeiramente inclusiva&#8217;, afirma Chen Li Cheng, idealizador do INcluir Petr\u00f3polis ao lado de Alessandra Caline.<\/p>\n\n\n\n<p>Servi\u00e7o:<br>Concentra\u00e7\u00e3o<br>9h<br>Pra\u00e7a 14 Bis &#8211; Avenida Roberto Silveira, 43 &#8211; Centro<\/p>\n\n\n\n<p>Largada<br>10h<\/p>\n\n\n\n<p>Inscri\u00e7\u00f5es gratuitas pelo WhatsApp: (24) 99216-1274<\/p>\n\n\n\n<p>Foto: arquivo pessoal Chen Li Cheng<\/p>\n","protected":false},"excerpt":{"rendered":"<p>A quarta edi\u00e7\u00e3o da Corrida de Rua de PCD \u201cCorrida dos INcans\u00e1veis 2025\u201d, acontece no<\/p>\n","protected":false},"author":2,"featured_media":104071,"comment_status":"open","ping_status":"open","sticky":false,"template":"","format":"standard","meta":{"footnotes":""},"categories":[12],"tags":[],"class_list":["post-104070","post","type-post","status-publish","format-standard","has-post-thumbnail","hentry","category-cidade"],"_links":{"self":[{"href":"https:\/\/tvc16.com\/portal\/wp-json\/wp\/v2\/posts\/104070","targetHints":{"allow":["GET"]}}],"collection":[{"href":"https:\/\/tvc16.com\/portal\/wp-json\/wp\/v2\/posts"}],"about":[{"href":"https:\/\/tvc16.com\/portal\/wp-json\/wp\/v2\/types\/post"}],"author":[{"embeddable":true,"href":"https:\/\/tvc16.com\/portal\/wp-json\/wp\/v2\/users\/2"}],"replies":[{"embeddable":true,"href":"https:\/\/tvc16.com\/portal\/wp-json\/wp\/v2\/comments?post=104070"}],"version-history":[{"count":1,"href":"https:\/\/tvc16.com\/portal\/wp-json\/wp\/v2\/posts\/104070\/revisions"}],"predecessor-version":[{"id":104072,"href":"https:\/\/tvc16.com\/portal\/wp-json\/wp\/v2\/posts\/104070\/revisions\/104072"}],"wp:featuredmedia":[{"embeddable":true,"href":"https:\/\/tvc16.com\/portal\/wp-json\/wp\/v2\/media\/104071"}],"wp:attachment":[{"href":"https:\/\/tvc16.com\/portal\/wp-json\/wp\/v2\/media?parent=104070"}],"wp:term":[{"taxonomy":"category","embeddable":true,"href":"https:\/\/tvc16.com\/portal\/wp-json\/wp\/v2\/categories?post=104070"},{"taxonomy":"post_tag","embeddable":true,"href":"https:\/\/tvc16.com\/portal\/wp-json\/wp\/v2\/tags?post=104070"}],"curies":[{"name":"wp","href":"https:\/\/api.w.org\/{rel}","templated":true}]}}