{"id":104073,"date":"2025-05-12T16:24:11","date_gmt":"2025-05-12T19:24:11","guid":{"rendered":"https:\/\/tvc16.com\/portal\/?p=104073"},"modified":"2025-05-12T16:24:11","modified_gmt":"2025-05-12T19:24:11","slug":"confira-as-interdicoes-no-transito-durante-as-comemoracoes-no-trono-de-fatima-nesta-terca-feira","status":"publish","type":"post","link":"https:\/\/tvc16.com\/portal\/2025\/05\/12\/confira-as-interdicoes-no-transito-durante-as-comemoracoes-no-trono-de-fatima-nesta-terca-feira\/","title":{"rendered":"Confira as interdi\u00e7\u00f5es no tr\u00e2nsito durante as comemora\u00e7\u00f5es no Trono de F\u00e1tima nesta ter\u00e7a-feira"},"content":{"rendered":"\n<p><em>O sentido de ruas da regi\u00e3o do Valpara\u00edso ser\u00e1 alterado para a realiza\u00e7\u00e3o do evento<\/em><\/p>\n\n\n\n<p>As comemora\u00e7\u00f5es pelo dia de Nossa Senhora de F\u00e1tima, no Trono de F\u00e1tima, v\u00e3o provocar altera\u00e7\u00f5es no tr\u00e2nsito da regi\u00e3o do Valpara\u00edso, onde fica o monumento religioso e tur\u00edstico da cidade. As mudan\u00e7as acontecem nesta ter\u00e7a-feira (13\/05), a partir das 7h. N\u00e3o haver\u00e1 altera\u00e7\u00f5es no transporte p\u00fablico. S\u00e3o esperadas quase cinco mil pessoas ao longo de todo o dia.<\/p>\n\n\n\n<p>A Rua Padre Moreira, principal acesso ao Trono de F\u00e1tima, para os motoristas vindos da Monsenhor Bacelar, passa a funcionar em m\u00e3o \u00fanica at\u00e9 o trecho onde se conecta com as ruas Thomas Cameron e Rom\u00e3o J\u00fanior (Rua do Encanto). As interven\u00e7\u00f5es seguem at\u00e9 22h. O estacionamento ao longo da via ser\u00e1 permitido.<\/p>\n\n\n\n<p>\u201cDesde cedo, os agentes da CPTrans estar\u00e3o no local, orientando os motoristas sobre a mudan\u00e7a no sentido e quais s\u00e3o as alternativas ali na regi\u00e3o. Al\u00e9m disso, tamb\u00e9m haver\u00e1 refor\u00e7o na sinaliza\u00e7\u00e3o\u201d, pontua o presidente da Companhia Petropolitana de Tr\u00e2nsito e Transportes, Luciano Moreira.<\/p>\n\n\n\n<p>Foto: Visite Petr\u00f3polis<\/p>\n","protected":false},"excerpt":{"rendered":"<p>O sentido de ruas da regi\u00e3o do Valpara\u00edso ser\u00e1 alterado para a realiza\u00e7\u00e3o do evento<\/p>\n","protected":false},"author":2,"featured_media":104074,"comment_status":"open","ping_status":"open","sticky":false,"template":"","format":"standard","meta":{"footnotes":""},"categories":[12],"tags":[],"class_list":["post-104073","post","type-post","status-publish","format-standard","has-post-thumbnail","hentry","category-cidade"],"_links":{"self":[{"href":"https:\/\/tvc16.com\/portal\/wp-json\/wp\/v2\/posts\/104073","targetHints":{"allow":["GET"]}}],"collection":[{"href":"https:\/\/tvc16.com\/portal\/wp-json\/wp\/v2\/posts"}],"about":[{"href":"https:\/\/tvc16.com\/portal\/wp-json\/wp\/v2\/types\/post"}],"author":[{"embeddable":true,"href":"https:\/\/tvc16.com\/portal\/wp-json\/wp\/v2\/users\/2"}],"replies":[{"embeddable":true,"href":"https:\/\/tvc16.com\/portal\/wp-json\/wp\/v2\/comments?post=104073"}],"version-history":[{"count":1,"href":"https:\/\/tvc16.com\/portal\/wp-json\/wp\/v2\/posts\/104073\/revisions"}],"predecessor-version":[{"id":104075,"href":"https:\/\/tvc16.com\/portal\/wp-json\/wp\/v2\/posts\/104073\/revisions\/104075"}],"wp:featuredmedia":[{"embeddable":true,"href":"https:\/\/tvc16.com\/portal\/wp-json\/wp\/v2\/media\/104074"}],"wp:attachment":[{"href":"https:\/\/tvc16.com\/portal\/wp-json\/wp\/v2\/media?parent=104073"}],"wp:term":[{"taxonomy":"category","embeddable":true,"href":"https:\/\/tvc16.com\/portal\/wp-json\/wp\/v2\/categories?post=104073"},{"taxonomy":"post_tag","embeddable":true,"href":"https:\/\/tvc16.com\/portal\/wp-json\/wp\/v2\/tags?post=104073"}],"curies":[{"name":"wp","href":"https:\/\/api.w.org\/{rel}","templated":true}]}}