{"id":104082,"date":"2025-05-13T09:19:12","date_gmt":"2025-05-13T12:19:12","guid":{"rendered":"https:\/\/tvc16.com\/portal\/?p=104082"},"modified":"2025-05-13T09:19:13","modified_gmt":"2025-05-13T12:19:13","slug":"nudecs-participam-do-segundo-encontro-da-formacao-continuada","status":"publish","type":"post","link":"https:\/\/tvc16.com\/portal\/2025\/05\/13\/nudecs-participam-do-segundo-encontro-da-formacao-continuada\/","title":{"rendered":"Nudecs participam do segundo encontro da forma\u00e7\u00e3o continuada"},"content":{"rendered":"\n<p>Os n\u00facleos Comunit\u00e1rios de Defesa Civil (Nudecs) participaram neste fim de semana do segundo encontro de forma\u00e7\u00e3o continuada 2025. A iniciativa \u00e9 da Prefeitura em parceria com o SOS Serra. Participaram da capacita\u00e7\u00e3o 34 pessoas e 11 Nudecs.<\/p>\n\n\n\n<p>\u201cA participa\u00e7\u00e3o comunit\u00e1ria nas a\u00e7\u00f5es de preven\u00e7\u00e3o e fazendo esse elo com poder p\u00fablico, atuando juntos em momentos de emerg\u00eancia, \u00e9 fundamental para o fortalecimento das nossas a\u00e7\u00f5es na busca por uma cidade mais resiliente e segura\u201d, disse o prefeito Hingo Hammes.<\/p>\n\n\n\n<p>Neste segundo encontro foram discutidas as etapas dos Nudecs, o que s\u00e3o, como \u00e9 formado, quais s\u00e3o os seus princ\u00edpios, quem pode participar, sua import\u00e2ncia e responsabilidades. Ap\u00f3s a discuss\u00e3o dos temas, os participantes fizeram avalia\u00e7\u00f5es sobre os Nudecs como ferramenta de monitoramento e gest\u00e3o.<\/p>\n\n\n\n<p>\u201cEssa forma\u00e7\u00e3o \u00e9 importante para fortalecer a atua\u00e7\u00e3o dos n\u00facleos Comunit\u00e1rios de Defesa Civil na gest\u00e3o de riscos e desastres, promovendo capacita\u00e7\u00e3o t\u00e9cnica e engajamento comunit\u00e1rio\u201d, ressaltou o secret\u00e1rio de Defesa Civil, Guilherme Moraes.<\/p>\n\n\n\n<p>A capacita\u00e7\u00e3o dos Nudecs segue at\u00e9 outubro, totalizando seis encontros. O curso ser\u00e1 estruturado em seis m\u00f3dulos, com emiss\u00e3o de certifica\u00e7\u00e3o e premia\u00e7\u00e3o para os participantes mais ass\u00edduos.<\/p>\n","protected":false},"excerpt":{"rendered":"<p>Os n\u00facleos Comunit\u00e1rios de Defesa Civil (Nudecs) participaram neste fim de semana do segundo encontro<\/p>\n","protected":false},"author":2,"featured_media":104083,"comment_status":"open","ping_status":"open","sticky":false,"template":"","format":"standard","meta":{"footnotes":""},"categories":[12],"tags":[],"class_list":["post-104082","post","type-post","status-publish","format-standard","has-post-thumbnail","hentry","category-cidade"],"_links":{"self":[{"href":"https:\/\/tvc16.com\/portal\/wp-json\/wp\/v2\/posts\/104082","targetHints":{"allow":["GET"]}}],"collection":[{"href":"https:\/\/tvc16.com\/portal\/wp-json\/wp\/v2\/posts"}],"about":[{"href":"https:\/\/tvc16.com\/portal\/wp-json\/wp\/v2\/types\/post"}],"author":[{"embeddable":true,"href":"https:\/\/tvc16.com\/portal\/wp-json\/wp\/v2\/users\/2"}],"replies":[{"embeddable":true,"href":"https:\/\/tvc16.com\/portal\/wp-json\/wp\/v2\/comments?post=104082"}],"version-history":[{"count":1,"href":"https:\/\/tvc16.com\/portal\/wp-json\/wp\/v2\/posts\/104082\/revisions"}],"predecessor-version":[{"id":104084,"href":"https:\/\/tvc16.com\/portal\/wp-json\/wp\/v2\/posts\/104082\/revisions\/104084"}],"wp:featuredmedia":[{"embeddable":true,"href":"https:\/\/tvc16.com\/portal\/wp-json\/wp\/v2\/media\/104083"}],"wp:attachment":[{"href":"https:\/\/tvc16.com\/portal\/wp-json\/wp\/v2\/media?parent=104082"}],"wp:term":[{"taxonomy":"category","embeddable":true,"href":"https:\/\/tvc16.com\/portal\/wp-json\/wp\/v2\/categories?post=104082"},{"taxonomy":"post_tag","embeddable":true,"href":"https:\/\/tvc16.com\/portal\/wp-json\/wp\/v2\/tags?post=104082"}],"curies":[{"name":"wp","href":"https:\/\/api.w.org\/{rel}","templated":true}]}}