{"id":104093,"date":"2025-05-13T09:30:43","date_gmt":"2025-05-13T12:30:43","guid":{"rendered":"https:\/\/tvc16.com\/portal\/?p=104093"},"modified":"2025-05-13T09:30:43","modified_gmt":"2025-05-13T12:30:43","slug":"canarinhos-de-petropolis-realizam-almoco-beneficente-neste-domingo-para-levar-as-vozes-do-brasil-a-alemanha","status":"publish","type":"post","link":"https:\/\/tvc16.com\/portal\/2025\/05\/13\/canarinhos-de-petropolis-realizam-almoco-beneficente-neste-domingo-para-levar-as-vozes-do-brasil-a-alemanha\/","title":{"rendered":"Canarinhos de Petr\u00f3polis realizam almo\u00e7o beneficente neste domingo para levar as vozes do Brasil \u00e0 Alemanha"},"content":{"rendered":"\n<p>Evento no dia 18 de maio ter\u00e1 card\u00e1pio especial e marca reta final da mobiliza\u00e7\u00e3o Canarinhos Pelo Mundo<\/p>\n\n\n\n<p>Um almo\u00e7o simples, mas cheio de sabor e significado. No domingo (18), o Instituto dos Meninos Cantores de Petr\u00f3polis promove o \u00faltimo evento da campanha \u201cCanarinhos Pelo Mundo\u201d: um almo\u00e7o beneficente com massas variadas, na sede do Instituto. A a\u00e7\u00e3o marca a reta final da mobiliza\u00e7\u00e3o para levar os jovens m\u00fasicos \u00e0 Alemanha, onde representar\u00e3o o Brasil no Congresso Internacional Pueri Cantores 2025, em Munique, no m\u00eas de julho.<\/p>\n\n\n\n<p>A campanha, que j\u00e1 promoveu festivais, apresenta\u00e7\u00f5es e a\u00e7\u00f5es culturais, conta com aprova\u00e7\u00e3o pela Lei Rouanet e tem mobilizado empresas, ex-integrantes e a comunidade petropolitana em torno de um objetivo comum: garantir que os Canarinhos possam participar de um dos mais importantes encontros de m\u00fasica coral juvenil do mundo, reunindo mais de 3 mil jovens de diversos pa\u00edses em uma celebra\u00e7\u00e3o de arte, f\u00e9 e interc\u00e2mbio cultural.<\/p>\n\n\n\n<p>Al\u00e9m das massas, o almo\u00e7o contar\u00e1 com um tempero ainda mais especial: a colabora\u00e7\u00e3o de ex-Canarinhos que hoje atuam como chefs, convidados a assinarem molhos exclusivos para o evento. \u201cEssa campanha tem sido, acima de tudo, um reencontro. Ver antigos alunos, pais, parceiros e apoiadores se unindo por um ideal t\u00e3o bonito mostra a for\u00e7a do legado dos Canarinhos\u201d,&nbsp;destaca Rose de Mello, gestora do Instituto dos Meninos Cantores de Petr\u00f3polis.&nbsp;\u201cEsse almo\u00e7o \u00e9 mais do que uma arrecada\u00e7\u00e3o. \u00c9 um gesto de gratid\u00e3o por tudo o que a comunidade tem feito por nossos meninos.\u201d<\/p>\n\n\n\n<p>Os ingressos promocionais podem ser adquiridos por R$ 40&nbsp;(adultos)&nbsp;e R$ 25&nbsp;(crian\u00e7as at\u00e9 12 anos e coralistas). As bebidas e sobremesas ser\u00e3o vendidas \u00e0 parte, e o almo\u00e7o ser\u00e1 servido entre 12h e 14h, na sede do coral (Rua Santos Dumont, 355 \u2013 Centro).<\/p>\n\n\n\n<p>Para o maestro Marco Aur\u00e9lio Lischt, que est\u00e1 \u00e0 frente do Coral desde 1998, este \u00e9 um momento decisivo. \u201cCantar na Alemanha \u00e9 mais do que uma conquista musical. \u00c9 dar aos nossos meninos a chance de representar o Brasil, a cidade de Petr\u00f3polis e uma tradi\u00e7\u00e3o de mais de 80 anos diante do mundo. Esse congresso ser\u00e1 uma experi\u00eancia transformadora \u2014 art\u00edstica, cultural e humana\u201d, afirma.<\/p>\n\n\n\n<p>A campanha segue recebendo doa\u00e7\u00f5es via Pix, atrav\u00e9s da chave 2499926-1820, e tamb\u00e9m por meio de cotas de patroc\u00ednio pela Lei de Incentivo \u00e0 Cultura, com benef\u00edcios de contrapartida institucional e visibilidade para empresas.<\/p>\n","protected":false},"excerpt":{"rendered":"<p>Evento no dia 18 de maio ter\u00e1 card\u00e1pio especial e marca reta final da mobiliza\u00e7\u00e3o<\/p>\n","protected":false},"author":2,"featured_media":104094,"comment_status":"open","ping_status":"open","sticky":false,"template":"","format":"standard","meta":{"footnotes":""},"categories":[12],"tags":[],"class_list":["post-104093","post","type-post","status-publish","format-standard","has-post-thumbnail","hentry","category-cidade"],"_links":{"self":[{"href":"https:\/\/tvc16.com\/portal\/wp-json\/wp\/v2\/posts\/104093","targetHints":{"allow":["GET"]}}],"collection":[{"href":"https:\/\/tvc16.com\/portal\/wp-json\/wp\/v2\/posts"}],"about":[{"href":"https:\/\/tvc16.com\/portal\/wp-json\/wp\/v2\/types\/post"}],"author":[{"embeddable":true,"href":"https:\/\/tvc16.com\/portal\/wp-json\/wp\/v2\/users\/2"}],"replies":[{"embeddable":true,"href":"https:\/\/tvc16.com\/portal\/wp-json\/wp\/v2\/comments?post=104093"}],"version-history":[{"count":1,"href":"https:\/\/tvc16.com\/portal\/wp-json\/wp\/v2\/posts\/104093\/revisions"}],"predecessor-version":[{"id":104095,"href":"https:\/\/tvc16.com\/portal\/wp-json\/wp\/v2\/posts\/104093\/revisions\/104095"}],"wp:featuredmedia":[{"embeddable":true,"href":"https:\/\/tvc16.com\/portal\/wp-json\/wp\/v2\/media\/104094"}],"wp:attachment":[{"href":"https:\/\/tvc16.com\/portal\/wp-json\/wp\/v2\/media?parent=104093"}],"wp:term":[{"taxonomy":"category","embeddable":true,"href":"https:\/\/tvc16.com\/portal\/wp-json\/wp\/v2\/categories?post=104093"},{"taxonomy":"post_tag","embeddable":true,"href":"https:\/\/tvc16.com\/portal\/wp-json\/wp\/v2\/tags?post=104093"}],"curies":[{"name":"wp","href":"https:\/\/api.w.org\/{rel}","templated":true}]}}