{"id":104099,"date":"2025-05-13T09:47:18","date_gmt":"2025-05-13T12:47:18","guid":{"rendered":"https:\/\/tvc16.com\/portal\/?p=104099"},"modified":"2025-05-13T09:48:17","modified_gmt":"2025-05-13T12:48:17","slug":"arraia-amor-perfeito-confirma-datas-e-promete-dois-fins-de-semana-de-festa-junina-com-entrada-gratuita","status":"publish","type":"post","link":"https:\/\/tvc16.com\/portal\/2025\/05\/13\/arraia-amor-perfeito-confirma-datas-e-promete-dois-fins-de-semana-de-festa-junina-com-entrada-gratuita\/","title":{"rendered":"Arrai\u00e1 Amor Perfeito confirma datas e promete dois fins de semana de festa junina com entrada gratuita"},"content":{"rendered":"\n<p><em>Evento acontece de 13 a 15 e de 19 a 22 de junho, com entrada gratuita e programa\u00e7\u00e3o para toda a fam\u00edlia<\/em><\/p>\n\n\n\n<p>O Arrai\u00e1 Amor Perfeito j\u00e1 tem data confirmada e acontece no m\u00eas de junho, no Parque Municipal Prefeito Paulo Rattes, em Itaipava. A festa junina, que integra o calend\u00e1rio oficial de eventos de Petr\u00f3polis, ser\u00e1 realizada em dois fins de semana \u2014 de 13 a 15 e de 19 a 22 &nbsp;de junho \u2014 com entrada gratuita.<\/p>\n\n\n\n<p>O evento re\u00fane o melhor das tradi\u00e7\u00f5es juninas em uma programa\u00e7\u00e3o diversificada, com shows ao vivo, quadrilhas, barraquinhas de comidas t\u00edpicas, cervejas artesanais, \u00e1rea infantil e atra\u00e7\u00f5es para todas as idades. O espa\u00e7o ser\u00e1 completamente tematizado, com cenografia especial, decora\u00e7\u00e3o t\u00edpica e ambientes instagram\u00e1veis, criando uma atmosfera acolhedora e festiva.<\/p>\n\n\n\n<p>Mais do que entretenimento, o Arrai\u00e1 Amor Perfeito tamb\u00e9m valoriza os produtores locais, promovendo a economia criativa por meio da gastronomia, do artesanato e das experi\u00eancias oferecidas pelos expositores convidados.<\/p>\n\n\n\n<p>A realiza\u00e7\u00e3o \u00e9 da Cool Produ\u00e7\u00f5es, Dois Entretenimento e Deguste, com apoio da Prefeitura de Petr\u00f3polis, por meio da Turispetro. A expectativa \u00e9 repetir o sucesso das edi\u00e7\u00f5es anteriores e ampliar o alcance do evento, fortalecendo o calend\u00e1rio cultural e tur\u00edstico da cidade.<\/p>\n","protected":false},"excerpt":{"rendered":"<p>Evento acontece de 13 a 15 e de 19 a 22 de junho, com entrada<\/p>\n","protected":false},"author":2,"featured_media":104100,"comment_status":"open","ping_status":"open","sticky":false,"template":"","format":"standard","meta":{"footnotes":""},"categories":[12,1],"tags":[],"class_list":["post-104099","post","type-post","status-publish","format-standard","has-post-thumbnail","hentry","category-cidade","category-uncategorized"],"_links":{"self":[{"href":"https:\/\/tvc16.com\/portal\/wp-json\/wp\/v2\/posts\/104099","targetHints":{"allow":["GET"]}}],"collection":[{"href":"https:\/\/tvc16.com\/portal\/wp-json\/wp\/v2\/posts"}],"about":[{"href":"https:\/\/tvc16.com\/portal\/wp-json\/wp\/v2\/types\/post"}],"author":[{"embeddable":true,"href":"https:\/\/tvc16.com\/portal\/wp-json\/wp\/v2\/users\/2"}],"replies":[{"embeddable":true,"href":"https:\/\/tvc16.com\/portal\/wp-json\/wp\/v2\/comments?post=104099"}],"version-history":[{"count":1,"href":"https:\/\/tvc16.com\/portal\/wp-json\/wp\/v2\/posts\/104099\/revisions"}],"predecessor-version":[{"id":104101,"href":"https:\/\/tvc16.com\/portal\/wp-json\/wp\/v2\/posts\/104099\/revisions\/104101"}],"wp:featuredmedia":[{"embeddable":true,"href":"https:\/\/tvc16.com\/portal\/wp-json\/wp\/v2\/media\/104100"}],"wp:attachment":[{"href":"https:\/\/tvc16.com\/portal\/wp-json\/wp\/v2\/media?parent=104099"}],"wp:term":[{"taxonomy":"category","embeddable":true,"href":"https:\/\/tvc16.com\/portal\/wp-json\/wp\/v2\/categories?post=104099"},{"taxonomy":"post_tag","embeddable":true,"href":"https:\/\/tvc16.com\/portal\/wp-json\/wp\/v2\/tags?post=104099"}],"curies":[{"name":"wp","href":"https:\/\/api.w.org\/{rel}","templated":true}]}}