{"id":10410,"date":"2021-02-14T10:52:38","date_gmt":"2021-02-14T13:52:38","guid":{"rendered":"https:\/\/tvc16.com\/portal\/?p=10410"},"modified":"2021-02-14T10:52:41","modified_gmt":"2021-02-14T13:52:41","slug":"estudo-aponta-sequelas-cognitivas-em-80-dos-pacientes-curados-da-covid-19","status":"publish","type":"post","link":"https:\/\/tvc16.com\/portal\/2021\/02\/14\/estudo-aponta-sequelas-cognitivas-em-80-dos-pacientes-curados-da-covid-19\/","title":{"rendered":"Estudo aponta sequelas cognitivas em 80% dos pacientes curados da Covid-19"},"content":{"rendered":"\n<p>Dificuldade de concentra\u00e7\u00e3o, perda de mem\u00f3ria e equil\u00edbrio, problemas com a compreens\u00e3o e mudan\u00e7as emocionais s\u00e3o algumas das sequelas citadas no estudo brasileiro<\/p>\n\n\n\n<p>A t\u00e9cnica em enfermagem S\u00e2mia Regina Arag\u00e3o, 57 anos, se contaminou enquanto combatia a Covid-19, ainda em maio de 2020, mas conta que vive uma vida completamente diferente de antes da infec\u00e7\u00e3o. \u201cN\u00e3o tenho equil\u00edbrio para andar, fiquei com neuropatia nos dois p\u00e9s, problema no cora\u00e7\u00e3o, tive minha mem\u00f3ria afetada, tomo rem\u00e9dio para dormir, meu cabelo caiu muito\u201d, detalha.&nbsp;Embora curada do novo coronav\u00edrus, ela \u00e9 uma das pessoas que continua com sequelas da doen\u00e7a, algo que pode ser mais comum do que imaginamos.<\/p>\n\n\n\n<p>Um estudo realizado no Instituto do Cora\u00e7\u00e3o do Hospital das Cl\u00ednicas (InCor), da Faculdade de Medicina da Universidade de S\u00e3o Paulo (FMUSP), mostrou disfun\u00e7\u00f5es cognitivas em 80% dos pacientes que j\u00e1 foram contaminados pela Covid-19. A pesquisa, in\u00e9dita no mundo, mostra que nem mesmo a recupera\u00e7\u00e3o<br>f\u00edsica \u00e9 garantia de uma recupera\u00e7\u00e3o cognitiva, e que at\u00e9 aqueles que tiveram casos leves podem continuar com sequelas.&nbsp;<\/p>\n\n\n\n<p>O quadro de S\u00e2mia foi grave. Foram 33 dias em que a moradora do Distrito Federal esteve entubada e 49 dias internada. \u201cQuando sa\u00ed do hospital, n\u00e3o falava, n\u00e3o andava, n\u00e3o firmava meu corpo, ele ca\u00eda para o lado. At\u00e9 recentemente, nesses \u00faltimos dias, subi em uma escada em casa e n\u00e3o consegui descer sem ajuda do meu filho. Tenho medo de ir para a rua, me desequilibrar e cair no ch\u00e3o. &nbsp;A Covid-19 acabou comigo\u201d, lamenta.&nbsp;<\/p>\n\n\n\n<h2 class=\"wp-block-heading\">Sequelas<\/h2>\n\n\n\n<p>Os sintomas descritos por ela s\u00e3o comuns aos percebidos em casos estudados no Incor.&nbsp;A maior parte dos volunt\u00e1rios apresentou dificuldade de concentra\u00e7\u00e3o, perda de mem\u00f3ria, dificuldades de racioc\u00ednio, mudan\u00e7as comportamentais e emocionais.&nbsp;<\/p>\n\n\n\n<figure class=\"wp-block-image\"><img decoding=\"async\" src=\"\/\/s3-sa-east-1.amazonaws.com\/agencia-radio-arb\/3655\/content_POSS%C3%8DVEIS-SEQUELAS-EM-PACIENTES-P%C3%93S-COVID.jpg\" alt=\"\" title=\"Arte: Brasil 61\"\/><\/figure>\n\n\n\n<p>A percep\u00e7\u00e3o visual foi afetada em 92,4% dos participantes, enquanto a mem\u00f3ria de curto prazo sofreu mudan\u00e7as em 62,7% e a de longo prazo teve altera\u00e7\u00f5es em 26,8% dos pacientes. A perda da coordena\u00e7\u00e3o motora, que ocasiona quedas, tamb\u00e9m \u00e9 reclamada por boa parte dos curados da Covid-19. Os pesquisadores utilizam exerc\u00edcios cognitivos espec\u00edficos para revers\u00e3o dos quadros, analisados caso a caso.&nbsp;<\/p>\n\n\n\n<p>O estudo \u00e9 conduzido pela neuropsic\u00f3loga do Incor L\u00edvia Stocco Sanches Valentin, que explica os casos mais comuns. \u201cAp\u00f3s a remiss\u00e3o dos sintomas f\u00edsicos da Covid-19, sobra uma grande disfun\u00e7\u00e3o cognitiva. O paciente come\u00e7a a se perceber mais desatento, acaba esquecendo palavras do dia a dia, esquece nome de coisas ou de realizar tarefas, como pagar uma conta, at\u00e9 coisas mais graves, como cair com facilidade ou n\u00e3o conseguir se localizar no espa\u00e7o em que est\u00e1.\u201d&nbsp;<\/p>\n\n\n\n<h2 class=\"wp-block-heading\">Entendendo os sintomas<\/h2>\n\n\n\n<p>Especialistas lembram que n\u00e3o h\u00e1 um tratamento universal que possa atender a todos os pacientes com sequelas, pois cada um exige avalia\u00e7\u00f5es espec\u00edficas. Por\u00e9m, L\u00edvia pontua que algumas a\u00e7\u00f5es simples podem evitar sequelas mais leves. \u201cAp\u00f3s a recupera\u00e7\u00e3o [da Covid-19], devemos exercitar o c\u00e9rebro, como se fosse uma gin\u00e1stica muscular. Fazer exerc\u00edcios aer\u00f3bicos, caminhadas, andar pelo parque, pilates, ioga. At\u00e9 exerc\u00edcios que exercitem o c\u00e9rebro, como jogos de mem\u00f3ria, jogos digitais\u201d, diz.<\/p>\n\n\n\n<p>Na pesquisa do Incor, a neuropsic\u00f3loga utiliza o jogo digital MentalPlus\u00ae, criado por ela em 2010, e j\u00e1 p\u00f4de perceber com o aplicativo disfun\u00e7\u00f5es cognitivas em pacientes independentemente do grau da doen\u00e7a, da faixa et\u00e1ria ou do n\u00edvel de escolaridade. O jogo tem como objetivo auxiliar no diagn\u00f3stico de doen\u00e7as cognitivas e \u00e9 utilizado por profissionais.<\/p>\n\n\n\n<figure class=\"wp-block-embed is-type-rich is-provider-incorporar-manipulador wp-block-embed-incorporar-manipulador\"><div class=\"wp-block-embed__wrapper\">\nhttps:\/\/youtube.com\/watch?v=RqIy5LjHLtY%3Fstart%3D1820\n<\/div><\/figure>\n\n\n\n<p>Julival Ribeiro, m\u00e9dico infectologista e membro da Sociedade Brasileira de Infectologia (SBI), ressalta que ainda h\u00e1 um longo caminho cient\u00edfico para compreender os efeitos do novo coronav\u00edrus, mas que esses danos s\u00e3o explicados pela forma como ele age no corpo, atingindo diversos \u00f3rg\u00e3os.&nbsp;<\/p>\n\n\n\n<p>\u201cA Covid-19 \u00e9 uma doen\u00e7a nova, que n\u00f3s temos muito ainda a aprender da sua fisiopatologia e o que realmente ela causa no organismo do ser humano. Ela compromete v\u00e1rios \u00f3rg\u00e3os, desde pulm\u00e3o, cora\u00e7\u00e3o, rim, sistema nervoso central, sistema vascular, entre outros. A pessoa com sequelas tem que procurar os servi\u00e7os de sa\u00fade para a especialidade espec\u00edfica daquele sintoma\u201d, resume.<\/p>\n\n\n\n<p>Esse alerta tamb\u00e9m \u00e9 feito pela infectologista do Hospital \u00c1guas Claras Ana Helena Germoglio, que estuda casos na literatura m\u00e9dica e j\u00e1 identificou nela mesma uma fadiga mental ap\u00f3s a contamina\u00e7\u00e3o que sofreu. A especialista conta que as sequelas podem ser multissist\u00eamicas, afetando mais o sistema nervoso e sistema musculoesquel\u00e9tico.&nbsp;<\/p>\n\n\n\n<p>\u201cSe a gente procura na maior plataforma de busca de artigos m\u00e9dicos, encontramos mais 10 mil artigos sobre sequelas da Covid-19, que podem acontecer em qualquer parte do nosso organismo. Os pacientes que usam ventila\u00e7\u00e3o mec\u00e2nica tendem a ter sequelas pulmonares, desde as formas mais leves at\u00e9 as mais graves, mas as sequelas podem acontecer em qualquer sistema nosso.\u201d<\/p>\n\n\n\n<p>Outra pesquisa que analisa quadros p\u00f3s-contamina\u00e7\u00f5es vem da Universidade Federal de Minas Gerais. D\u00e9bora Marques de Miranda, pediatria da Faculdade de Medicina da UFMG, diz que o estudo j\u00e1 come\u00e7ou a identificar sequelas neurol\u00f3gicas e psiqui\u00e1tricas.&nbsp;<\/p>\n\n\n\n<p>\u201cEstamos encontrando, seis meses depois, altera\u00e7\u00f5es neuropsicol\u00f3gicas em 30% dos pacientes com hist\u00f3rico de infec\u00e7\u00e3o, que s\u00e3o vistas em avalia\u00e7\u00f5es e em exames de imagem\u201d, adianta. Especialistas lembram que as pessoas com sequelas devem procurar atendimento profissional para a especialidade espec\u00edfica do sintoma sentido.<\/p>\n\n\n\n<p>Fonte: <a href=\"https:\/\/brasil61.com\/noticias\/estudo-aponta-sequelas-cognitivas-em-80-dos-pacientes-curados-da-covid-19-bras213837?email=bethdeoliveira@yahoo.com.br&amp;utm_source=email_individual&amp;utm_medium=email_individual&amp;utm_campaign=email_individual\" target=\"_blank\" rel=\"noreferrer noopener\">Brasil 61<\/a><\/p>\n","protected":false},"excerpt":{"rendered":"<p>Dificuldade de concentra\u00e7\u00e3o, perda de mem\u00f3ria e equil\u00edbrio, problemas com a compreens\u00e3o e mudan\u00e7as emocionais<\/p>\n","protected":false},"author":2,"featured_media":10412,"comment_status":"open","ping_status":"open","sticky":false,"template":"","format":"standard","meta":{"footnotes":""},"categories":[17],"tags":[],"class_list":["post-10410","post","type-post","status-publish","format-standard","has-post-thumbnail","hentry","category-outras-noticias"],"_links":{"self":[{"href":"https:\/\/tvc16.com\/portal\/wp-json\/wp\/v2\/posts\/10410","targetHints":{"allow":["GET"]}}],"collection":[{"href":"https:\/\/tvc16.com\/portal\/wp-json\/wp\/v2\/posts"}],"about":[{"href":"https:\/\/tvc16.com\/portal\/wp-json\/wp\/v2\/types\/post"}],"author":[{"embeddable":true,"href":"https:\/\/tvc16.com\/portal\/wp-json\/wp\/v2\/users\/2"}],"replies":[{"embeddable":true,"href":"https:\/\/tvc16.com\/portal\/wp-json\/wp\/v2\/comments?post=10410"}],"version-history":[{"count":1,"href":"https:\/\/tvc16.com\/portal\/wp-json\/wp\/v2\/posts\/10410\/revisions"}],"predecessor-version":[{"id":10413,"href":"https:\/\/tvc16.com\/portal\/wp-json\/wp\/v2\/posts\/10410\/revisions\/10413"}],"wp:featuredmedia":[{"embeddable":true,"href":"https:\/\/tvc16.com\/portal\/wp-json\/wp\/v2\/media\/10412"}],"wp:attachment":[{"href":"https:\/\/tvc16.com\/portal\/wp-json\/wp\/v2\/media?parent=10410"}],"wp:term":[{"taxonomy":"category","embeddable":true,"href":"https:\/\/tvc16.com\/portal\/wp-json\/wp\/v2\/categories?post=10410"},{"taxonomy":"post_tag","embeddable":true,"href":"https:\/\/tvc16.com\/portal\/wp-json\/wp\/v2\/tags?post=10410"}],"curies":[{"name":"wp","href":"https:\/\/api.w.org\/{rel}","templated":true}]}}