{"id":104102,"date":"2025-05-13T09:51:53","date_gmt":"2025-05-13T12:51:53","guid":{"rendered":"https:\/\/tvc16.com\/portal\/?p=104102"},"modified":"2025-05-13T09:51:54","modified_gmt":"2025-05-13T12:51:54","slug":"inss-notificara-beneficiarios-vitimas-de-descontos-a-partir-de-terca","status":"publish","type":"post","link":"https:\/\/tvc16.com\/portal\/2025\/05\/13\/inss-notificara-beneficiarios-vitimas-de-descontos-a-partir-de-terca\/","title":{"rendered":"INSS notificar\u00e1 benefici\u00e1rios v\u00edtimas de descontos a partir de ter\u00e7a"},"content":{"rendered":"\n<p>Quem indicar que n\u00e3o autorizou desconto poder\u00e1 pedir reembolso<\/p>\n\n\n\n<p>A&nbsp;<strong>partir desta ter\u00e7a-feira (13)<\/strong>, os&nbsp;<strong>aposentados e pensionistas que sofreram descontos em seus benef\u00edcios por meio de associa\u00e7\u00f5es&nbsp;ir\u00e3o receber uma notifica\u00e7\u00e3o do Instituto Nacional do Seguro Social (INSS)<\/strong>. A&nbsp;<strong>mensagem ser\u00e1 enviada pelo aplicativo&nbsp;<a href=\"https:\/\/meu.inss.gov.br\/#\/login\" target=\"_blank\" rel=\"noreferrer noopener\">Meu INSS<\/a><\/strong>.<img decoding=\"async\" src=\"https:\/\/agenciabrasil.ebc.com.br\/ebc.png?id=1642448&amp;o=node\"><img decoding=\"async\" src=\"https:\/\/agenciabrasil.ebc.com.br\/ebc.gif?id=1642448&amp;o=node\"><\/p>\n\n\n\n<p>Na mensagem,&nbsp;<strong>ir\u00e3o constar os descontos (valores) e os nomes das entidades<\/strong>.&nbsp;<\/p>\n\n\n\n<p>O<strong>&nbsp;aposentado ou pensionista que for notificado dever\u00e1 indicar se autorizou ou n\u00e3o o desconto j\u00e1 na quarta-feira (14).&nbsp;<\/strong>&nbsp;<\/p>\n\n\n\n<p>Se&nbsp;<strong>o benefici\u00e1rio informar que n\u00e3o autorizou<\/strong>,&nbsp;<strong>poder\u00e1 pedir o ressarcimento dos valores tamb\u00e9m na quarta-feira<\/strong>.&nbsp;<\/p>\n\n\n\n<p>No total, segundo o INSS,&nbsp;<strong>9 milh\u00f5es de benefici\u00e1rios receber\u00e3o a mensagem.<\/strong>&nbsp;<\/p>\n\n\n\n<p>Os&nbsp;<strong>aposentados e pensionistas v\u00edtimas de descontos n\u00e3o autorizados<\/strong>&nbsp;de mensalidades associativas&nbsp;<strong>ser\u00e3o ressarcidos pelos preju\u00edzos sofridos entre mar\u00e7o de 2020 e mar\u00e7o de 2025.<\/strong><\/p>\n\n\n\n<h2 class=\"wp-block-heading\">Alerta<\/h2>\n\n\n\n<p>O INSS alerta que:&nbsp;<\/p>\n\n\n\n<ul class=\"wp-block-list\">\n<li><strong>A notifica\u00e7\u00e3o ser\u00e1 enviada somente pelo aplicativo Meu INSS<\/strong><\/li>\n\n\n\n<li><strong>N\u00e3o haver\u00e1 contato por telefone, envio de SMS para celular. O INSS n\u00e3o tem intermedi\u00e1rios.\u00a0<\/strong><\/li>\n\n\n\n<li><strong>Em caso de d\u00favida, ligue para central de teleatendimento 135. A central funcional de segunda a s\u00e1bado, das 7h \u00e0s 22h.\u00a0<\/strong><\/li>\n\n\n\n<li><strong>Acesse\u00a0o aplicativo Meu INSS para facilitar que as notifica\u00e7\u00f5es apare\u00e7am automaticamente em seu celular.\u00a0<\/strong><\/li>\n<\/ul>\n\n\n\n<h2 class=\"wp-block-heading\">Como ser\u00e1 o reembolso<\/h2>\n\n\n\n<p>Assim que o benefici\u00e1rio informar que n\u00e3o autorizou o desconto, o&nbsp;<strong>INSS ir\u00e1 acionar a associa\u00e7\u00e3o para que fa\u00e7a o pagamento e apresente documenta\u00e7\u00e3o<\/strong>.<\/p>\n\n\n\n<p>O instituto informa que o&nbsp;<strong>aposentado e pensionista n\u00e3o precisa apresentar qualquer documento<\/strong>.<\/p>\n\n\n\n<p>A associa\u00e7\u00e3o ter\u00e1 15 dias \u00fateis para fazer o pagamento. As que n\u00e3o realizarem ser\u00e3o acionadas judicialmente.&nbsp;<\/p>\n","protected":false},"excerpt":{"rendered":"<p>Quem indicar que n\u00e3o autorizou desconto poder\u00e1 pedir reembolso A&nbsp;partir desta ter\u00e7a-feira (13), os&nbsp;aposentados e<\/p>\n","protected":false},"author":2,"featured_media":104103,"comment_status":"open","ping_status":"open","sticky":false,"template":"","format":"standard","meta":{"footnotes":""},"categories":[17],"tags":[],"class_list":["post-104102","post","type-post","status-publish","format-standard","has-post-thumbnail","hentry","category-outras-noticias"],"_links":{"self":[{"href":"https:\/\/tvc16.com\/portal\/wp-json\/wp\/v2\/posts\/104102","targetHints":{"allow":["GET"]}}],"collection":[{"href":"https:\/\/tvc16.com\/portal\/wp-json\/wp\/v2\/posts"}],"about":[{"href":"https:\/\/tvc16.com\/portal\/wp-json\/wp\/v2\/types\/post"}],"author":[{"embeddable":true,"href":"https:\/\/tvc16.com\/portal\/wp-json\/wp\/v2\/users\/2"}],"replies":[{"embeddable":true,"href":"https:\/\/tvc16.com\/portal\/wp-json\/wp\/v2\/comments?post=104102"}],"version-history":[{"count":1,"href":"https:\/\/tvc16.com\/portal\/wp-json\/wp\/v2\/posts\/104102\/revisions"}],"predecessor-version":[{"id":104104,"href":"https:\/\/tvc16.com\/portal\/wp-json\/wp\/v2\/posts\/104102\/revisions\/104104"}],"wp:featuredmedia":[{"embeddable":true,"href":"https:\/\/tvc16.com\/portal\/wp-json\/wp\/v2\/media\/104103"}],"wp:attachment":[{"href":"https:\/\/tvc16.com\/portal\/wp-json\/wp\/v2\/media?parent=104102"}],"wp:term":[{"taxonomy":"category","embeddable":true,"href":"https:\/\/tvc16.com\/portal\/wp-json\/wp\/v2\/categories?post=104102"},{"taxonomy":"post_tag","embeddable":true,"href":"https:\/\/tvc16.com\/portal\/wp-json\/wp\/v2\/tags?post=104102"}],"curies":[{"name":"wp","href":"https:\/\/api.w.org\/{rel}","templated":true}]}}