{"id":104105,"date":"2025-05-13T10:05:58","date_gmt":"2025-05-13T13:05:58","guid":{"rendered":"https:\/\/tvc16.com\/portal\/?p=104105"},"modified":"2025-05-13T10:05:59","modified_gmt":"2025-05-13T13:05:59","slug":"pf-investiga-fraudes-em-contas-vinculadas-a-plataforma-gov-br","status":"publish","type":"post","link":"https:\/\/tvc16.com\/portal\/2025\/05\/13\/pf-investiga-fraudes-em-contas-vinculadas-a-plataforma-gov-br\/","title":{"rendered":"PF investiga fraudes em contas vinculadas \u00e0 plataforma Gov.br"},"content":{"rendered":"\n<p>Grupo burlava sistemas de autentica\u00e7\u00e3o biom\u00e9trica<\/p>\n\n\n\n<p>A<strong>&nbsp;Pol\u00edcia Federal (PF) deflagrou nesta ter\u00e7a-feira (13) a Opera\u00e7\u00e3o Face Off<\/strong>&nbsp;para desarticular uma&nbsp;<strong>associa\u00e7\u00e3o criminosa especializada em fraudar contas digitais vinculadas \u00e0 plataforma&nbsp;Gov.br.&nbsp;<\/strong><img decoding=\"async\" src=\"https:\/\/agenciabrasil.ebc.com.br\/ebc.png?id=1642471&amp;o=node\"><img decoding=\"async\" src=\"https:\/\/agenciabrasil.ebc.com.br\/ebc.gif?id=1642471&amp;o=node\"><\/p>\n\n\n\n<p>Em nota, a corpora\u00e7\u00e3o informou que o&nbsp;<strong>grupo utilizava t\u00e9cnicas avan\u00e7adas de altera\u00e7\u00e3o facial para burlar sistemas de autentica\u00e7\u00e3o biom\u00e9trica.<\/strong><\/p>\n\n\n\n<blockquote class=\"wp-block-quote is-layout-flow wp-block-quote-is-layout-flow\">\n<p>\u201cAs investiga\u00e7\u00f5es revelaram que os criminosos simulavam tra\u00e7os faciais de terceiros para obter acesso indevido \u00e0s contas digitais das v\u00edtimas, assumindo o controle total dos perfis e, consequentemente, de servi\u00e7os p\u00fablicos e informa\u00e7\u00f5es pessoais sens\u00edveis.\u201d<\/p>\n<\/blockquote>\n\n\n\n<p>Est\u00e3o sendo&nbsp;<strong>cumpridos cinco mandados de pris\u00e3o tempor\u00e1ria e 16 mandados de busca e apreens\u00e3o, expedidos pela Justi\u00e7a Federal de Bras\u00edlia, nos seguintes estados: S\u00e3o Paulo, Minas Gerais, Cear\u00e1, Para\u00edba, Mato Grosso, Santa Catarina, Paran\u00e1, Rio de Janeiro e Tocantins.<\/strong><\/p>\n\n\n\n<p>De acordo com a PF,&nbsp;<strong>os investigados podem responder pelos crimes de invas\u00e3o de dispositivo inform\u00e1tico qualificada e associa\u00e7\u00e3o criminosa.<\/strong><\/p>\n","protected":false},"excerpt":{"rendered":"<p>Grupo burlava sistemas de autentica\u00e7\u00e3o biom\u00e9trica A&nbsp;Pol\u00edcia Federal (PF) deflagrou nesta ter\u00e7a-feira (13) a Opera\u00e7\u00e3o<\/p>\n","protected":false},"author":2,"featured_media":104106,"comment_status":"open","ping_status":"open","sticky":false,"template":"","format":"standard","meta":{"footnotes":""},"categories":[17],"tags":[],"class_list":["post-104105","post","type-post","status-publish","format-standard","has-post-thumbnail","hentry","category-outras-noticias"],"_links":{"self":[{"href":"https:\/\/tvc16.com\/portal\/wp-json\/wp\/v2\/posts\/104105","targetHints":{"allow":["GET"]}}],"collection":[{"href":"https:\/\/tvc16.com\/portal\/wp-json\/wp\/v2\/posts"}],"about":[{"href":"https:\/\/tvc16.com\/portal\/wp-json\/wp\/v2\/types\/post"}],"author":[{"embeddable":true,"href":"https:\/\/tvc16.com\/portal\/wp-json\/wp\/v2\/users\/2"}],"replies":[{"embeddable":true,"href":"https:\/\/tvc16.com\/portal\/wp-json\/wp\/v2\/comments?post=104105"}],"version-history":[{"count":1,"href":"https:\/\/tvc16.com\/portal\/wp-json\/wp\/v2\/posts\/104105\/revisions"}],"predecessor-version":[{"id":104107,"href":"https:\/\/tvc16.com\/portal\/wp-json\/wp\/v2\/posts\/104105\/revisions\/104107"}],"wp:featuredmedia":[{"embeddable":true,"href":"https:\/\/tvc16.com\/portal\/wp-json\/wp\/v2\/media\/104106"}],"wp:attachment":[{"href":"https:\/\/tvc16.com\/portal\/wp-json\/wp\/v2\/media?parent=104105"}],"wp:term":[{"taxonomy":"category","embeddable":true,"href":"https:\/\/tvc16.com\/portal\/wp-json\/wp\/v2\/categories?post=104105"},{"taxonomy":"post_tag","embeddable":true,"href":"https:\/\/tvc16.com\/portal\/wp-json\/wp\/v2\/tags?post=104105"}],"curies":[{"name":"wp","href":"https:\/\/api.w.org\/{rel}","templated":true}]}}