{"id":104117,"date":"2025-05-14T09:11:00","date_gmt":"2025-05-14T12:11:00","guid":{"rendered":"https:\/\/tvc16.com\/portal\/?p=104117"},"modified":"2025-05-14T09:12:03","modified_gmt":"2025-05-14T12:12:03","slug":"prefeitura-inicia-discussoes-do-plano-inverno-2025","status":"publish","type":"post","link":"https:\/\/tvc16.com\/portal\/2025\/05\/14\/prefeitura-inicia-discussoes-do-plano-inverno-2025\/","title":{"rendered":"Prefeitura inicia discuss\u00f5es do Plano Inverno 2025"},"content":{"rendered":"\n<p>O Plano de Conting\u00eancia para o Inverno 2025 come\u00e7a a ser debatido nesta quinta-feira (15\/05) em reuni\u00e3o extraordin\u00e1ria do Conselho Municipal de Prote\u00e7\u00e3o e Defesa Civil (Compdec). O encontro \u00e9 aberto a sociedade civil e acontece a partir das 18h na Casa dos Conselhos Municipais Augusto Angelo Zanatta.<\/p>\n\n\n\n<p>O objetivo \u00e9 apresentar as diretrizes iniciais do plano e colher contribui\u00e7\u00f5es para o aprimoramento do Plano Inverno 2025. O documento orienta as a\u00e7\u00f5es de preven\u00e7\u00e3o, prepara\u00e7\u00e3o e resposta do munic\u00edpio frente a situa\u00e7\u00f5es t\u00edpicas do per\u00edodo de inverno, como as ocorr\u00eancias de fogo em vegeta\u00e7\u00e3o e estiagem.<\/p>\n\n\n\n<p>\u201cA apresenta\u00e7\u00e3o do plano ao conselho \u00e9 uma etapa importante, pois abre espa\u00e7o para a participa\u00e7\u00e3o ativa da sociedade civil na constru\u00e7\u00e3o de pol\u00edticas p\u00fablicas. Queremos ouvir sugest\u00f5es e fortalecer o trabalho conjunto entre poder p\u00fablico e comunidade\u201d, comentou o secret\u00e1rio de Prote\u00e7\u00e3o e Defesa Civil, Guilherme Moraes.<\/p>\n\n\n\n<p>Al\u00e9m da sociedade civil tamb\u00e9m participam da constru\u00e7\u00e3o do Plano de Conting\u00eancia para o Inverno 2025 \u00f3rg\u00e3os como o Corpo de Bombeiros, ICMBio, Instituto Estadual do Ambiente (Inea) e \u00c1guas do Imperador. \u201cVamos trabalhar de forma integrada, entre os diferentes setores para atuarmos na mitiga\u00e7\u00e3o dos efeitos da estiagem\u201d, ressaltou o secret\u00e1rio de Meio Ambiente, Pedro Alc\u00e2ntara.<\/p>\n\n\n\n<p>Foto: divulga\u00e7\u00e3o<\/p>\n","protected":false},"excerpt":{"rendered":"<p>O Plano de Conting\u00eancia para o Inverno 2025 come\u00e7a a ser debatido nesta quinta-feira (15\/05)<\/p>\n","protected":false},"author":2,"featured_media":96474,"comment_status":"open","ping_status":"open","sticky":false,"template":"","format":"standard","meta":{"footnotes":""},"categories":[12],"tags":[],"class_list":["post-104117","post","type-post","status-publish","format-standard","has-post-thumbnail","hentry","category-cidade"],"_links":{"self":[{"href":"https:\/\/tvc16.com\/portal\/wp-json\/wp\/v2\/posts\/104117","targetHints":{"allow":["GET"]}}],"collection":[{"href":"https:\/\/tvc16.com\/portal\/wp-json\/wp\/v2\/posts"}],"about":[{"href":"https:\/\/tvc16.com\/portal\/wp-json\/wp\/v2\/types\/post"}],"author":[{"embeddable":true,"href":"https:\/\/tvc16.com\/portal\/wp-json\/wp\/v2\/users\/2"}],"replies":[{"embeddable":true,"href":"https:\/\/tvc16.com\/portal\/wp-json\/wp\/v2\/comments?post=104117"}],"version-history":[{"count":3,"href":"https:\/\/tvc16.com\/portal\/wp-json\/wp\/v2\/posts\/104117\/revisions"}],"predecessor-version":[{"id":104126,"href":"https:\/\/tvc16.com\/portal\/wp-json\/wp\/v2\/posts\/104117\/revisions\/104126"}],"wp:featuredmedia":[{"embeddable":true,"href":"https:\/\/tvc16.com\/portal\/wp-json\/wp\/v2\/media\/96474"}],"wp:attachment":[{"href":"https:\/\/tvc16.com\/portal\/wp-json\/wp\/v2\/media?parent=104117"}],"wp:term":[{"taxonomy":"category","embeddable":true,"href":"https:\/\/tvc16.com\/portal\/wp-json\/wp\/v2\/categories?post=104117"},{"taxonomy":"post_tag","embeddable":true,"href":"https:\/\/tvc16.com\/portal\/wp-json\/wp\/v2\/tags?post=104117"}],"curies":[{"name":"wp","href":"https:\/\/api.w.org\/{rel}","templated":true}]}}