{"id":104119,"date":"2025-05-13T14:50:54","date_gmt":"2025-05-13T17:50:54","guid":{"rendered":"https:\/\/tvc16.com\/portal\/?p=104119"},"modified":"2025-05-13T14:50:54","modified_gmt":"2025-05-13T17:50:54","slug":"equipes-do-samu-sao-mobilizadas-para-salvar-bebe-de-apenas-sete-dias-de-vida","status":"publish","type":"post","link":"https:\/\/tvc16.com\/portal\/2025\/05\/13\/equipes-do-samu-sao-mobilizadas-para-salvar-bebe-de-apenas-sete-dias-de-vida\/","title":{"rendered":"Equipes do Samu s\u00e3o mobilizadas para salvar beb\u00ea de apenas sete dias de vida"},"content":{"rendered":"\n<p><em>Uma opera\u00e7\u00e3o foi montada pela Prefeitura de Petr\u00f3polis com apoio de uma aeronave<\/em><\/p>\n\n\n\n<p>Equipes do Servi\u00e7o de Atendimento M\u00f3vel de Urg\u00eancia (Samu) foram mobilizadas para transferir o pequeno Davi, que nasceu no dia 30 de abril no Hospital Alcides Carneiro (HAC) com uma cardiopatia cong\u00eanita complexa que necessitava de cirurgia. A crian\u00e7a estava na UTI Neonatal e precisou ser transferida para o Hospital Pedi\u00e1trico Jutta Batista, no bairro de Botafogo, no Rio de Janeiro, refer\u00eancia neste tipo de atendimento.<\/p>\n\n\n\n<p>\u201cFoi um momento de muita preocupa\u00e7\u00e3o e mobilizamos todos os esfor\u00e7os para garantir a transfer\u00eancia o mais r\u00e1pido poss\u00edvel para salvar a vida do Davi\u201d, comentou o prefeito de Petr\u00f3polis, Hingo Hammes.<\/p>\n\n\n\n<p>Para transferir o beb\u00ea foi necess\u00e1rio mobilizar uma incubadora neonatal de transporte, uma UTI m\u00f3vel e uma aeronave, que pousou no campo do Esporte Clube Corr\u00eaas, local pr\u00f3ximo ao HAC. Cerca de dez profissionais, entre piloto, m\u00e9dicos, enfermeiros e assistentes sociais, auxiliaram na transfer\u00eancia.<\/p>\n\n\n\n<p>\u201cFoi uma a\u00e7\u00e3o conjunta, com profissionais do Alcides Carneiro, do Samu e o apoio da Secretaria de Estado de Sa\u00fade que garantiu a aeronave para fazer a transfer\u00eancia da crian\u00e7a com seguran\u00e7a\u201d, explicou o secret\u00e1rio de Sa\u00fade, Lu\u00eds Cruzick.<\/p>\n\n\n\n<p>O beb\u00ea foi transferido na \u00faltima quarta-feira (07\/05) e operado no mesmo dia. A crian\u00e7a se recupera bem e est\u00e1 sendo acompanhada de perto pela m\u00e3e no hospital. A fam\u00edlia \u00e9 moradora do Alto Bela Vista, em Petr\u00f3polis.<\/p>\n\n\n\n<p>\u201cGra\u00e7as a Deus ele est\u00e1 bem e os m\u00e9dicos s\u00e3o excelentes, assim como os do Alcides carneiro. N\u00e3o tem o que dizer, est\u00e3o de parab\u00e9ns\u201d, agradeceu a m\u00e3e Elenice da Cruz Couto.<\/p>\n\n\n\n<p>Foto: divulga\u00e7\u00e3o<\/p>\n","protected":false},"excerpt":{"rendered":"<p>Uma opera\u00e7\u00e3o foi montada pela Prefeitura de Petr\u00f3polis com apoio de uma aeronave Equipes do<\/p>\n","protected":false},"author":2,"featured_media":104120,"comment_status":"open","ping_status":"open","sticky":false,"template":"","format":"standard","meta":{"footnotes":""},"categories":[12],"tags":[],"class_list":["post-104119","post","type-post","status-publish","format-standard","has-post-thumbnail","hentry","category-cidade"],"_links":{"self":[{"href":"https:\/\/tvc16.com\/portal\/wp-json\/wp\/v2\/posts\/104119","targetHints":{"allow":["GET"]}}],"collection":[{"href":"https:\/\/tvc16.com\/portal\/wp-json\/wp\/v2\/posts"}],"about":[{"href":"https:\/\/tvc16.com\/portal\/wp-json\/wp\/v2\/types\/post"}],"author":[{"embeddable":true,"href":"https:\/\/tvc16.com\/portal\/wp-json\/wp\/v2\/users\/2"}],"replies":[{"embeddable":true,"href":"https:\/\/tvc16.com\/portal\/wp-json\/wp\/v2\/comments?post=104119"}],"version-history":[{"count":1,"href":"https:\/\/tvc16.com\/portal\/wp-json\/wp\/v2\/posts\/104119\/revisions"}],"predecessor-version":[{"id":104121,"href":"https:\/\/tvc16.com\/portal\/wp-json\/wp\/v2\/posts\/104119\/revisions\/104121"}],"wp:featuredmedia":[{"embeddable":true,"href":"https:\/\/tvc16.com\/portal\/wp-json\/wp\/v2\/media\/104120"}],"wp:attachment":[{"href":"https:\/\/tvc16.com\/portal\/wp-json\/wp\/v2\/media?parent=104119"}],"wp:term":[{"taxonomy":"category","embeddable":true,"href":"https:\/\/tvc16.com\/portal\/wp-json\/wp\/v2\/categories?post=104119"},{"taxonomy":"post_tag","embeddable":true,"href":"https:\/\/tvc16.com\/portal\/wp-json\/wp\/v2\/tags?post=104119"}],"curies":[{"name":"wp","href":"https:\/\/api.w.org\/{rel}","templated":true}]}}