{"id":104127,"date":"2025-05-14T05:00:00","date_gmt":"2025-05-14T08:00:00","guid":{"rendered":"https:\/\/tvc16.com\/portal\/?p=104127"},"modified":"2025-05-13T16:46:47","modified_gmt":"2025-05-13T19:46:47","slug":"fiocruz-e-ministerio-das-cidades-prorrogam-prazo-de-edital-para-projeto-de-desenvolvimento-urbano-integrado-para-reducao-de-riscos-de-desastres-em-municipios-brasileiros","status":"publish","type":"post","link":"https:\/\/tvc16.com\/portal\/2025\/05\/14\/fiocruz-e-ministerio-das-cidades-prorrogam-prazo-de-edital-para-projeto-de-desenvolvimento-urbano-integrado-para-reducao-de-riscos-de-desastres-em-municipios-brasileiros\/","title":{"rendered":"Fiocruz e Minist\u00e9rio das Cidades prorrogam prazo de edital para projeto de desenvolvimento urbano integrado para redu\u00e7\u00e3o de riscos de desastres em munic\u00edpios brasileiros"},"content":{"rendered":"\n<p><em>50 cidades de diversos estados do pa\u00eds est\u00e3o aptas a participar da sele\u00e7\u00e3o (lista abaixo).&nbsp; Prazo foi prorrogado at\u00e9 20 de maio<\/em><\/p>\n\n\n\n<p>O edital para participar do Projeto Desenvolvimento Urbano Integrado para Redu\u00e7\u00e3o de Riscos de Desastres Geo-Hidrol\u00f3gicos (Projeto DUI &#8211; RRD Cidades) foi prorrogado. Os munic\u00edpios brasileiros, aptos a participar (veja lista dos 50 abaixo), agora t\u00eam at\u00e9 o dia 20 de maio para fazer a inscri\u00e7\u00e3o na&nbsp;<a rel=\"noreferrer noopener\" target=\"_blank\" href=\"https:\/\/na01.safelinks.protection.outlook.com\/?url=https%3A%2F%2Fwww.redus.org.br%2Fdui-rrd-riscos-e-desastres-cidades.&amp;data=05%7C02%7C%7Cc497e2d79af44bc004b708dd91931747%7C84df9e7fe9f640afb435aaaaaaaaaaaa%7C1%7C0%7C638826783148486135%7CUnknown%7CTWFpbGZsb3d8eyJFbXB0eU1hcGkiOnRydWUsIlYiOiIwLjAuMDAwMCIsIlAiOiJXaW4zMiIsIkFOIjoiTWFpbCIsIldUIjoyfQ%3D%3D%7C0%7C%7C%7C&amp;sdata=m9rTa765QCqsVfa%2BUY5EMGE84gP50za092OBGL43ZIk%3D&amp;reserved=0\">plataforma Redus<\/a>. O projeto ocorre por meio de uma parceria entre a Funda\u00e7\u00e3o Oswaldo Cruz (Fiocruz) e o Minist\u00e9rio das Cidades. O objetivo \u00e9 elaborar um manual com metodologias para interven\u00e7\u00f5es urbanas, fortalecendo as estrat\u00e9gias nacionais para redu\u00e7\u00e3o de riscos de desastres.<\/p>\n\n\n\n<p>A iniciativa busca integrar esfor\u00e7os para desenvolver e aplicar novas metodologias, tecnologias e pr\u00e1ticas nos territ\u00f3rios selecionados. Os 50 munic\u00edpios eleg\u00edveis foram identificados a partir de dados da Uni\u00e3o, do Sistema de Informa\u00e7\u00f5es e An\u00e1lises sobre Impactos das Mudan\u00e7as do Clima (AdaptaBrasil &#8211; MCTI) e das \u00e1reas de atua\u00e7\u00e3o estrat\u00e9gicas da Fiocruz no pa\u00eds.&nbsp;<\/p>\n\n\n\n<p>Ap\u00f3s as inscri\u00e7\u00f5es ser\u00e3o selecionados at\u00e9 12 munic\u00edpios, levando-se em conta elementos considerados fundamentais como: disponibilidade de infraestrutura e capacidade t\u00e9cnica e operacional, avalia\u00e7\u00e3o de iniciativas j\u00e1 existentes, diagn\u00f3stico das \u00e1reas de risco geo-hidrol\u00f3gico, arranjos intersetoriais, organiza\u00e7\u00e3o de gest\u00e3o participativa com a comunidade, propostas de interven\u00e7\u00e3o baseadas nos princ\u00edpios de resili\u00eancia urbana e sustentabilidade e capacidade para replicar a metodologia para outros contextos municipais.&nbsp;&nbsp;<\/p>\n\n\n\n<p>Ao longo de 2025, estes munic\u00edpios v\u00e3o participar de capacita\u00e7\u00f5es e debates t\u00e9cnicos\u200b, com intera\u00e7\u00e3o e troca de experi\u00eancias com diferentes entidades, institui\u00e7\u00f5es de Ensino Superior e com a sociedade civil, al\u00e9m da possibilidade de estabelecer parcerias estrat\u00e9gicas no tema. A fase seguinte, prevista para 2026, consiste na aplica\u00e7\u00e3o da metodologia em seis territ\u00f3rios pilotos, com suporte t\u00e9cnico especializado adaptado aos contextos e desafios locais.&nbsp; Essa etapa inclui apoio \u00e0 elabora\u00e7\u00e3o de estrat\u00e9gias de redu\u00e7\u00e3o de risco de desastres, contribuindo para ampliar a resili\u00eancia dos munic\u00edpios participantes.&nbsp;&nbsp;<\/p>\n\n\n\n<p>Para acessar o edital completo, acesse:<a rel=\"noreferrer noopener\" target=\"_blank\" href=\"https:\/\/na01.safelinks.protection.outlook.com\/?url=https%3A%2F%2Ffiocruz.br%2Fdocumento%2F2025%2F04%2Fedital-de-chamamento-de-16-de-abril-de-2025&amp;data=05%7C02%7C%7Cc497e2d79af44bc004b708dd91931747%7C84df9e7fe9f640afb435aaaaaaaaaaaa%7C1%7C0%7C638826783148513548%7CUnknown%7CTWFpbGZsb3d8eyJFbXB0eU1hcGkiOnRydWUsIlYiOiIwLjAuMDAwMCIsIlAiOiJXaW4zMiIsIkFOIjoiTWFpbCIsIldUIjoyfQ%3D%3D%7C0%7C%7C%7C&amp;sdata=ecK%2BXGIFAfvecnDHorE4bfdBcPwkt3EOGPYXmZDGAgU%3D&amp;reserved=0\">&nbsp;<\/a><a rel=\"noreferrer noopener\" target=\"_blank\" href=\"https:\/\/na01.safelinks.protection.outlook.com\/?url=https%3A%2F%2Ffiocruz.br%2Fdocumento%2F2025%2F04%2Fedital-de-chamamento-de-16-de-abril-de-2025&amp;data=05%7C02%7C%7Cc497e2d79af44bc004b708dd91931747%7C84df9e7fe9f640afb435aaaaaaaaaaaa%7C1%7C0%7C638826783148524441%7CUnknown%7CTWFpbGZsb3d8eyJFbXB0eU1hcGkiOnRydWUsIlYiOiIwLjAuMDAwMCIsIlAiOiJXaW4zMiIsIkFOIjoiTWFpbCIsIldUIjoyfQ%3D%3D%7C0%7C%7C%7C&amp;sdata=QCud%2Btb7yNMSavvf3jRmc0%2F3m6xszK9KYbmgMoBlcF0%3D&amp;reserved=0\">https:\/\/fiocruz.br\/documento\/2025\/04\/edital-de-chamamento-de-16-de-abril-de-2025<\/a>.&nbsp;Para mais informa\u00e7\u00f5es ou esclarecimentos, envie e-mail para: rrd.cidades@ficruz.br.&nbsp;<\/p>\n\n\n\n<p><strong>Veja a lista completa dos munic\u00edpios eleg\u00edveis:<\/strong><\/p>\n\n\n\n<p>Angra dos Reis<br>Aquiraz<\/p>\n\n\n\n<p>Belo Horizonte&nbsp;<\/p>\n\n\n\n<p>Bras\u00edlia&nbsp;<\/p>\n\n\n\n<p>Camaragibe<\/p>\n\n\n\n<p>Candeias<\/p>\n\n\n\n<p>Canutama<\/p>\n\n\n\n<p>Caraguatatuba<\/p>\n\n\n\n<p>Careiro da V\u00e1rzea<\/p>\n\n\n\n<p>Caxias<\/p>\n\n\n\n<p>Contagem<\/p>\n\n\n\n<p>Eldorado do Sul<\/p>\n\n\n\n<p>Fortaleza<\/p>\n\n\n\n<p>Iribit\u00e9<\/p>\n\n\n\n<p>Ilhabela<\/p>\n\n\n\n<p>Jaboat\u00e3o do Guararapes<\/p>\n\n\n\n<p>L\u00e1brea<\/p>\n\n\n\n<p>Lauro de Freitas<\/p>\n\n\n\n<p>Manaus<\/p>\n\n\n\n<p>Mangaratiba<\/p>\n\n\n\n<p>Mariana<\/p>\n\n\n\n<p>Miguel Pereira<\/p>\n\n\n\n<p>Nova Friburgo<br>Nova Hartz<\/p>\n\n\n\n<p>Nova Lima<\/p>\n\n\n\n<p>Novo Hamburgo<\/p>\n\n\n\n<p>Olinda<\/p>\n\n\n\n<p>Para\u00edba do Sul<br>Paraty<br>Paulista<\/p>\n\n\n\n<p>Petr\u00f3polis&nbsp;<\/p>\n\n\n\n<p>Port\u00e3o<\/p>\n\n\n\n<p>Porto Alegre<\/p>\n\n\n\n<p>Recife<\/p>\n\n\n\n<p>Ribeir\u00e3o das Neves<\/p>\n\n\n\n<p>Rio de Janeiro<br>Sabar\u00e1<\/p>\n\n\n\n<p>Salvador<\/p>\n\n\n\n<p>Santa Luzia<\/p>\n\n\n\n<p>S\u00e3o Leopoldo<\/p>\n\n\n\n<p>S\u00e3o Louren\u00e7o da Mata<\/p>\n\n\n\n<p>S\u00e3o Sebasti\u00e3o<\/p>\n\n\n\n<p>S\u00e3o Sebasti\u00e3o do Ca\u00ed<\/p>\n\n\n\n<p>Sapucaia do Sul<\/p>\n\n\n\n<p>Sim\u00f5es Filho<\/p>\n\n\n\n<p>Teresina<\/p>\n\n\n\n<p>Teres\u00f3polis<\/p>\n\n\n\n<p>Tr\u00eas Rios&nbsp;<\/p>\n\n\n\n<p>Ubatuba<\/p>\n\n\n\n<p>Vespasiano<\/p>\n","protected":false},"excerpt":{"rendered":"<p>50 cidades de diversos estados do pa\u00eds est\u00e3o aptas a participar da sele\u00e7\u00e3o (lista abaixo).&nbsp;<\/p>\n","protected":false},"author":2,"featured_media":104128,"comment_status":"open","ping_status":"open","sticky":false,"template":"","format":"standard","meta":{"footnotes":""},"categories":[12],"tags":[],"class_list":["post-104127","post","type-post","status-publish","format-standard","has-post-thumbnail","hentry","category-cidade"],"_links":{"self":[{"href":"https:\/\/tvc16.com\/portal\/wp-json\/wp\/v2\/posts\/104127","targetHints":{"allow":["GET"]}}],"collection":[{"href":"https:\/\/tvc16.com\/portal\/wp-json\/wp\/v2\/posts"}],"about":[{"href":"https:\/\/tvc16.com\/portal\/wp-json\/wp\/v2\/types\/post"}],"author":[{"embeddable":true,"href":"https:\/\/tvc16.com\/portal\/wp-json\/wp\/v2\/users\/2"}],"replies":[{"embeddable":true,"href":"https:\/\/tvc16.com\/portal\/wp-json\/wp\/v2\/comments?post=104127"}],"version-history":[{"count":1,"href":"https:\/\/tvc16.com\/portal\/wp-json\/wp\/v2\/posts\/104127\/revisions"}],"predecessor-version":[{"id":104129,"href":"https:\/\/tvc16.com\/portal\/wp-json\/wp\/v2\/posts\/104127\/revisions\/104129"}],"wp:featuredmedia":[{"embeddable":true,"href":"https:\/\/tvc16.com\/portal\/wp-json\/wp\/v2\/media\/104128"}],"wp:attachment":[{"href":"https:\/\/tvc16.com\/portal\/wp-json\/wp\/v2\/media?parent=104127"}],"wp:term":[{"taxonomy":"category","embeddable":true,"href":"https:\/\/tvc16.com\/portal\/wp-json\/wp\/v2\/categories?post=104127"},{"taxonomy":"post_tag","embeddable":true,"href":"https:\/\/tvc16.com\/portal\/wp-json\/wp\/v2\/tags?post=104127"}],"curies":[{"name":"wp","href":"https:\/\/api.w.org\/{rel}","templated":true}]}}