{"id":104137,"date":"2025-05-14T08:26:32","date_gmt":"2025-05-14T11:26:32","guid":{"rendered":"https:\/\/tvc16.com\/portal\/?p=104137"},"modified":"2025-05-14T08:26:33","modified_gmt":"2025-05-14T11:26:33","slug":"secretaria-de-educacao-lanca-plataforma-on-line-para-oferecer-orientacao-vocacional-para-mais-de-100-mil-estudantes-da-rede-estadual-do-rio","status":"publish","type":"post","link":"https:\/\/tvc16.com\/portal\/2025\/05\/14\/secretaria-de-educacao-lanca-plataforma-on-line-para-oferecer-orientacao-vocacional-para-mais-de-100-mil-estudantes-da-rede-estadual-do-rio\/","title":{"rendered":"Secretaria de Educa\u00e7\u00e3o lan\u00e7a plataforma on-line para oferecer orienta\u00e7\u00e3o vocacional para mais de 100 mil estudantes da rede estadual do Rio"},"content":{"rendered":"\n<p><em>Iniciativa aconteceu de forma simult\u00e2nea para alunos do \u00faltimo ano do Ensino M\u00e9dio em todas as 1.235 escolas estaduais<\/em><\/p>\n\n\n\n<p><a>Mais de 100 mil estudantes da rede estadual do Rio de Janeiro tiveram a oportunidade de receber orienta\u00e7\u00e3o vocacional voltada para o mercado de trabalho por meio de uma plataforma on-line lan\u00e7ada, nesta segunda-feira, pela Secretaria de Estado de Educa\u00e7\u00e3o, em parceria com a empresa FutureMe. A iniciativa in\u00e9dita na rede p\u00fablica de ensino, batizada de Dia do Futuro, est\u00e1 auxiliando os jovens de todas as 1.235 escolas estaduais na escolha das futuras profiss\u00f5es dentro e fora da sala de aula.<\/a><\/p>\n\n\n\n<p>A secret\u00e1ria de Estado de Educa\u00e7\u00e3o, Roberta Barreto, abriu oficialmente a a\u00e7\u00e3o batizada de \u201cDia do Futuro\u201d, no Instituto de Educa\u00e7\u00e3o Professor Roberto Silveira, em Duque de Caxias, na Baixada Fluminense. Ela destacou a import\u00e2ncia de criar ferramentas que inspirem os estudantes a refletirem sobre seus caminhos e a sonharem al\u00e9m da educa\u00e7\u00e3o b\u00e1sica.<\/p>\n\n\n\n<p>&nbsp;\u2014 Que voc\u00eas possam aproveitar esta oportunidade de pesquisa, conhecimento e autoconhecimento. \u00c9 uma chance \u00fanica e gratuita. Quantas pessoas est\u00e3o por a\u00ed, no mercado, cobrando para delinear a carreira de voc\u00eas? Mas n\u00f3s estamos aqui oferecendo isso porque acreditamos em um futuro mais justo e mais humanizado \u2014 afirmou a secret\u00e1ria.<\/p>\n\n\n\n<p>&nbsp;Durante a a\u00e7\u00e3o, os alunos participaram de um teste vocacional inovador e intuitivo, dispon\u00edvel na plataforma da FutureMe. O resultado foi divulgado imediatamente. Al\u00e9m disso, os estudantes puderam explorar, dentro das escolas, o universo das profiss\u00f5es e dos cursos, com o intuito de tomar decis\u00f5es mais conscientes sobre o futuro.<\/p>\n\n\n\n<p>&nbsp;\u2014 Fiz o teste vocacional e deu exatamente o que eu tenho interesse em fazer, que \u00e9 Psicologia. Esta iniciativa \u00e9 muito legal, pois amplia a nossa vis\u00e3o de mundo. Muitos jovens acabam ficando indecisos sobre a carreira que pretendem seguir \u2014 disse Emily Cristina Silveira, de 18 anos.<\/p>\n\n\n\n<p>Ao longo da semana, os estudantes poder\u00e3o esclarecer d\u00favidas sobre temas importantes que costumam gerar preocupa\u00e7\u00e3o, como \u201cQuais s\u00e3o suas perspectivas de carreira?\u201d, \u201cJ\u00e1 escolheu uma profiss\u00e3o?\u201d e \u201cVoc\u00ea conhece as op\u00e7\u00f5es dispon\u00edveis na sua \u00e1rea de interesse neste mundo em constante transforma\u00e7\u00e3o?\u201d.<\/p>\n\n\n\n<p>&nbsp;\u2014 Meu pai \u00e9 militar. Este teste foi essencial para eu ter certeza do que eu quero. Eu estava em d\u00favida se seguiria na profiss\u00e3o de professora ou na carreira militar. Com a plataforma, tive a confirma\u00e7\u00e3o de que quero entrar para o Ex\u00e9rcito \u2014 contou a aluna Fl\u00e1via Lucia Muniz, de 17 anos.<\/p>\n\n\n\n<p>A plataforma continuar\u00e1 dispon\u00edvel para que os alunos da 3\u00aa s\u00e9rie do Ensino M\u00e9dio da rede estadual do Rio de Janeiro possam acess\u00e1-la tamb\u00e9m de casa. Os professores mais engajados na iniciativa ser\u00e3o premiados como forma de reconhecimento pelo papel essencial que desempenham na forma\u00e7\u00e3o de cidad\u00e3os.<\/p>\n\n\n\n<p>\u2014 O objetivo desta iniciativa \u00e9 promover uma jornada de descoberta, mostrando que escolher uma profiss\u00e3o vai muito al\u00e9m de decidir um curso: \u00e9 refletir sobre quem somos, o que queremos e como podemos transformar nossos talentos em prop\u00f3sito \u2014 afirmou Filipe Gerude, fundador da FutureMe.<\/p>\n","protected":false},"excerpt":{"rendered":"<p>Iniciativa aconteceu de forma simult\u00e2nea para alunos do \u00faltimo ano do Ensino M\u00e9dio em todas<\/p>\n","protected":false},"author":2,"featured_media":104138,"comment_status":"open","ping_status":"open","sticky":false,"template":"","format":"standard","meta":{"footnotes":""},"categories":[17],"tags":[],"class_list":["post-104137","post","type-post","status-publish","format-standard","has-post-thumbnail","hentry","category-outras-noticias"],"_links":{"self":[{"href":"https:\/\/tvc16.com\/portal\/wp-json\/wp\/v2\/posts\/104137","targetHints":{"allow":["GET"]}}],"collection":[{"href":"https:\/\/tvc16.com\/portal\/wp-json\/wp\/v2\/posts"}],"about":[{"href":"https:\/\/tvc16.com\/portal\/wp-json\/wp\/v2\/types\/post"}],"author":[{"embeddable":true,"href":"https:\/\/tvc16.com\/portal\/wp-json\/wp\/v2\/users\/2"}],"replies":[{"embeddable":true,"href":"https:\/\/tvc16.com\/portal\/wp-json\/wp\/v2\/comments?post=104137"}],"version-history":[{"count":1,"href":"https:\/\/tvc16.com\/portal\/wp-json\/wp\/v2\/posts\/104137\/revisions"}],"predecessor-version":[{"id":104139,"href":"https:\/\/tvc16.com\/portal\/wp-json\/wp\/v2\/posts\/104137\/revisions\/104139"}],"wp:featuredmedia":[{"embeddable":true,"href":"https:\/\/tvc16.com\/portal\/wp-json\/wp\/v2\/media\/104138"}],"wp:attachment":[{"href":"https:\/\/tvc16.com\/portal\/wp-json\/wp\/v2\/media?parent=104137"}],"wp:term":[{"taxonomy":"category","embeddable":true,"href":"https:\/\/tvc16.com\/portal\/wp-json\/wp\/v2\/categories?post=104137"},{"taxonomy":"post_tag","embeddable":true,"href":"https:\/\/tvc16.com\/portal\/wp-json\/wp\/v2\/tags?post=104137"}],"curies":[{"name":"wp","href":"https:\/\/api.w.org\/{rel}","templated":true}]}}