{"id":10414,"date":"2021-02-14T18:05:31","date_gmt":"2021-02-14T21:05:31","guid":{"rendered":"https:\/\/tvc16.com\/portal\/?p=10414"},"modified":"2021-02-14T18:07:21","modified_gmt":"2021-02-14T21:07:21","slug":"no-dia-14-de-fevereiro-e-comemorado-em-muitos-paises-o-dia-dos-namorados-muitos-acreditam-que-a-origem-das-comemoracoes-estaria-em-sao-valentim-mas-quem-e-esse-santo-misterioso-e-de-onde-vem-essas","status":"publish","type":"post","link":"https:\/\/tvc16.com\/portal\/2021\/02\/14\/no-dia-14-de-fevereiro-e-comemorado-em-muitos-paises-o-dia-dos-namorados-muitos-acreditam-que-a-origem-das-comemoracoes-estaria-em-sao-valentim-mas-quem-e-esse-santo-misterioso-e-de-onde-vem-essas\/","title":{"rendered":"No dia 14 de fevereiro \u00e9 comemorado, em muitos pa\u00edses, o Dia dos Namorados. Muitos acreditam que a origem das comemora\u00e7\u00f5es estaria em S\u00e3o Valentim. Mas quem \u00e9 esse santo misterioso e de onde v\u00eam essas tradi\u00e7\u00f5es? Descubra conosco a hist\u00f3ria por tr\u00e1s do Dia dos Namorados!"},"content":{"rendered":"\n<p><strong>A Lenda de S\u00e3o Valentim<\/strong><\/p>\n\n\n\n<p>Por Sandra Brito \u2013 professora e escritora<\/p>\n\n\n\n<p>A hist\u00f3ria do Dia dos Namorados e a de seu santo padroeiro est\u00e1 envolta em mist\u00e9rios.&nbsp;Sabemos que no m\u00eas de fevereiro \u00e9 celebrado o Dia de S\u00e3o Valentim e, consequentemente, o Dia dos Namorados (Valentine&#8217;s day) e que ele cont\u00e9m vest\u00edgios da tradi\u00e7\u00e3o crist\u00e3 e da antiga Roma.&nbsp;Mas quem era S\u00e3o Valentim e como ele foi associado a essa tradi\u00e7\u00e3o?<\/p>\n\n\n\n<p>A Igreja Cat\u00f3lica conhece pelo menos tr\u00eas santos diferentes chamados Valentim ou Valentinus e todos foram martirizados.&nbsp;Uma lenda afirma que Valentim foi um sacerdote que serviu durante o s\u00e9culo III, em Roma.&nbsp;Quando o Imperador Cl\u00e1udio II decidiu que homens solteiros eram melhores soldados do que aqueles com esposas e fam\u00edlias, ele proibiu o casamento para os jovens.&nbsp;Valentim, percebendo a injusti\u00e7a do decreto, desafiou Claudius e continuou a realizar casamentos para jovens amantes em segredo.&nbsp;Quando as a\u00e7\u00f5es de Valentim foram descobertas, Claudius ordenou que ele fosse condenado \u00e0 morte.&nbsp;Outros insistem que foi o bispo S\u00e3o Valentim de Terni o verdadeiro hom\u00f4nimo do feriado.&nbsp;Ele tamb\u00e9m foi decapitado por Claudius II, fora de Roma.<\/p>\n\n\n\n<p>Outras hist\u00f3rias sugerem que Valentim pode ter sido morto por tentar ajudar os crist\u00e3os a escapar das severas pris\u00f5es romanas, onde eram frequentemente espancados e torturados.&nbsp;De acordo com uma lenda, um rapaz chamado Valentim, que estava preso, teria enviado a primeira sauda\u00e7\u00e3o de \u201cdia dos namorados\u201d a si mesmo &#8211; ap\u00f3s se apaixonar por uma jovem (possivelmente a filha de seu carcereiro) &#8211; que o visitou durante seu confinamento.&nbsp;Antes de sua morte, alega-se que ele escreveu a ela uma carta assinada \u201cFrom your Valentine\u201d, uma express\u00e3o que ainda \u00e9 usada hoje.&nbsp;Embora a verdade por tr\u00e1s das lendas de Valentim seja obscura, todas as hist\u00f3rias enfatizam seu apelo como uma figura simp\u00e1tica, her\u00f3ica e &#8211; o mais importante &#8211; rom\u00e2ntica.&nbsp;Na Idade M\u00e9dia, talvez gra\u00e7as a essa reputa\u00e7\u00e3o, Valentim se tornaria um dos santos mais populares da Inglaterra e da Fran\u00e7a.<\/p>\n\n\n\n<h2 class=\"wp-block-heading\">Origens do Dia dos Namorados: um festival pag\u00e3o em fevereiro<\/h2>\n\n\n\n<p>Enquanto alguns acreditam que o Dia dos Namorados \u00e9 celebrado em meados de fevereiro para comemorar o anivers\u00e1rio da morte ou sepultamento de S\u00e3o Valentim &#8211; que provavelmente ocorreu por volta de do ano 270 &#8211; outros afirmam que a igreja crist\u00e3 pode ter decidido colocar o dia da festa de S\u00e3o Valentim no meio de Fevereiro no esfor\u00e7o de \u201ccristianizar\u201d a festa pag\u00e3 de Lupercalia.&nbsp;Comemorado em 15 de fevereiro, Lupercalia era um festival da fertilidade dedicado a Fauno, o deus romano da agricultura, e tamb\u00e9m aos fundadores romanos R\u00f4mulo e Remo.<\/p>\n\n\n\n<p>Para come\u00e7ar o festival, os membros do Luperci, uma ordem de sacerdotes romanos, se reuniam em uma caverna sagrada onde os beb\u00eas R\u00f4mulo e Remo (fundadores de Roma) eram considerados cuidados por uma loba.&nbsp;Os sacerdotes sacrificariam uma cabra para chamar a fertilidade, e um cachorro, para a purifica\u00e7\u00e3o.&nbsp;Eles ent\u00e3o tirariam a pele de cabra em tiras, mergulhariam no sangue do sacrif\u00edcio e iriam para as ruas, batendo suavemente em mulheres e campos de cultivo com a pele de cabra.&nbsp;As mulheres romanas gostavam do toque das peles porque acreditavam que assim se tornariam mais f\u00e9rteis no ano seguinte.&nbsp;No final do dia, segundo a lenda, todas as mo\u00e7as da cidade colocariam seus nomes em uma grande urna.&nbsp;Cada um dos solteiros da cidade escolheria um nome e passavam a ser os namorados da mulher escolhida.<\/p>\n\n\n\n<h2 class=\"wp-block-heading\">Dia dos Namorados: um dia dedicado ao romance<\/h2>\n\n\n\n<figure class=\"wp-block-image size-large\"><img loading=\"lazy\" decoding=\"async\" width=\"1018\" height=\"1024\" src=\"https:\/\/tvc16.com\/portal\/wp-content\/uploads\/2021\/02\/foto2-1018x1024.jpg\" alt=\"\" class=\"wp-image-10416\" srcset=\"https:\/\/tvc16.com\/portal\/wp-content\/uploads\/2021\/02\/foto2-1018x1024.jpg 1018w, https:\/\/tvc16.com\/portal\/wp-content\/uploads\/2021\/02\/foto2-298x300.jpg 298w, https:\/\/tvc16.com\/portal\/wp-content\/uploads\/2021\/02\/foto2-150x150.jpg 150w, https:\/\/tvc16.com\/portal\/wp-content\/uploads\/2021\/02\/foto2-768x773.jpg 768w, https:\/\/tvc16.com\/portal\/wp-content\/uploads\/2021\/02\/foto2.jpg 1193w\" sizes=\"auto, (max-width: 1018px) 100vw, 1018px\" \/><\/figure>\n\n\n\n<p>O festival de Lupercalia sobreviveu \u00e0 ascens\u00e3o inicial do Cristianismo,&nbsp;mas foi proibido por ser considerado um evento \u201cn\u00e3o crist\u00e3o\u201d no final do s\u00e9culo V, quando o Papa Gel\u00e1sio declarou o dia de S\u00e3o Valentim em 14 de fevereiro.&nbsp;S\u00f3 muito mais tarde \u00e9 que a data se tornaria definitivamente associada ao amor.&nbsp;Durante a Idade M\u00e9dia, acreditava-se que o dia 14 de fevereiro era o in\u00edcio da temporada de acasalamento dos p\u00e1ssaros, o que contribu\u00eda para a ideia de que o Dia dos Namorados deveria ser um dia dedicado ao romance.&nbsp;O poeta ingl\u00eas Geoffrey Chaucer foi o primeiro a registrar o Dia de S\u00e3o Valentim como um dia de celebra\u00e7\u00e3o rom\u00e2ntica em seu poema de 1375 \u201cParlamento de Foules\u201d, no qual escreveu: \u201cPois este foi enviado no dia de Saint Valentine \/ Onde todo p\u00e1ssaro viria escolher a sua companheira\u201d.<\/p>\n\n\n\n<p>Este foi um momento na Europa em que um determinado conjunto de ideias rom\u00e2nticas tomou forma.&nbsp;Chaucer e outros escritores de seu tempo celebraram o romance entre cavaleiros e nobres damas que nunca poderiam se casar &#8211; muitas vezes porque ela j\u00e1 era casada &#8211; criando tropas de anseio e obst\u00e1culos tr\u00e1gicos que ainda impulsionam nossas com\u00e9dias rom\u00e2nticas at\u00e9 hoje.&nbsp;<\/p>\n\n\n\n<p>Por volta de 1400, nobres inspirados por Chaucer come\u00e7aram a escrever poemas conhecidos como \u201cnamorados\u201d para seus interesses amorosos.&nbsp;Foi s\u00f3 ent\u00e3o que come\u00e7aram a aparecer hist\u00f3rias ligando S\u00e3o Valentim ao romance.&nbsp;O mais antigo namorado conhecido que ainda existe hoje foi um poema escrito em 1415 por Carlos, Duque de Orleans, para sua esposa enquanto ele foi preso na Tower of London, ap\u00f3s sua captura em uma Batalha (Agincourt).&nbsp;Essa sauda\u00e7\u00e3o faz parte, atualmente, da cole\u00e7\u00e3o de manuscritos da Biblioteca Brit\u00e2nica em Londres, na Inglaterra. V\u00e1rios anos depois, acredita-se que o Rei Henry V teria contratado, na verdade, um escritor chamado John Lydgate para compor uma nota do Dia dos Namorados para Catarina de Valois.<\/p>\n\n\n\n<p>Mas ocorreu uma reviravolta final no mito de S\u00e3o Valentim.&nbsp;Quando Chaucer escreveu sobre o dia em que cada p\u00e1ssaro escolhe um companheiro,&nbsp;ele n\u00e3o estava pensando em 14 de fevereiro, mas em 3 de maio, um dia que celebra um dos muitos outros Saint Valentines.&nbsp;Chaucer estaria, de fato, procurando uma maneira de celebrar&nbsp;o noivado do Rei Ricardo II&nbsp;com Ana da Bo\u00eamia naquele dia e descobriu que era o dia da festa de S\u00e3o Valentim de G\u00eanova. Ele poderia ter escolhido a Festa da Santa Cruz, mas isso n\u00e3o soaria t\u00e3o rom\u00e2ntico no poema. Como seus contempor\u00e2neos estavam mais familiarizados com o Dia de S\u00e3o Valentim de 14 de fevereiro, essa acabou sendo a data escolhida para celebrar o famoso Dia dos Namorados.<\/p>\n\n\n\n<h2 class=\"wp-block-heading\">Quem \u00e9 o Cupido?<\/h2>\n\n\n\n<p>O Cupido \u00e9 frequentemente retratado nos cart\u00f5es do Dia dos Namorados como um querubim que lan\u00e7a flechas de amor em cora\u00e7\u00f5es de amantes desavisados.&nbsp;Mas o deus romano Cupido tem suas ra\u00edzes na mitologia grega como o deus grego&nbsp;do amor, Eros.&nbsp;Segundo os poetas gregos, Eros era um belo imortal que brincava com as emo\u00e7\u00f5es dos deuses e dos homens, usando flechas de ouro para incitar o amor e as de chumbo para semear a avers\u00e3o.&nbsp;Mais tarde, ele come\u00e7ou a ser retratado como a crian\u00e7a travessa que conhecemos nos cart\u00f5es de Dia dos Namorados.&nbsp;<\/p>\n\n\n\n<figure class=\"wp-block-image size-large\"><img loading=\"lazy\" decoding=\"async\" width=\"1024\" height=\"663\" src=\"https:\/\/tvc16.com\/portal\/wp-content\/uploads\/2021\/02\/foto3-1024x663.jpg\" alt=\"\" class=\"wp-image-10417\" srcset=\"https:\/\/tvc16.com\/portal\/wp-content\/uploads\/2021\/02\/foto3-1024x663.jpg 1024w, https:\/\/tvc16.com\/portal\/wp-content\/uploads\/2021\/02\/foto3-300x194.jpg 300w, https:\/\/tvc16.com\/portal\/wp-content\/uploads\/2021\/02\/foto3-768x497.jpg 768w, https:\/\/tvc16.com\/portal\/wp-content\/uploads\/2021\/02\/foto3-370x241.jpg 370w, https:\/\/tvc16.com\/portal\/wp-content\/uploads\/2021\/02\/foto3-761x492.jpg 761w, https:\/\/tvc16.com\/portal\/wp-content\/uploads\/2021\/02\/foto3.jpg 1200w\" sizes=\"auto, (max-width: 1024px) 100vw, 1024px\" \/><\/figure>\n\n\n\n<h2 class=\"wp-block-heading\">As primeiras sauda\u00e7\u00f5es do Dia dos Namorados<\/h2>\n\n\n\n<p>Em meados do s\u00e9culo XVIII, era comum que amigos e amantes de todas as classes sociais trocassem pequenas lembran\u00e7as de afeto ou bilhetes manuscritos. Por volta do ano 1900, os cart\u00f5es impressos come\u00e7aram a substituir as cartas escritas devido aos avan\u00e7os na tecnologia de impress\u00e3o.&nbsp;Cart\u00f5es prontos eram uma maneira f\u00e1cil de as pessoas expressarem suas emo\u00e7\u00f5es em uma \u00e9poca em que a express\u00e3o direta de seus sentimentos era desencorajada.&nbsp;As taxas de postagem mais baratas tamb\u00e9m contribu\u00edram para um aumento na popularidade do envio de cart\u00f5es de felicita\u00e7\u00f5es no Dia dos Namorados.<\/p>\n\n\n\n<figure class=\"wp-block-image size-large\"><img loading=\"lazy\" decoding=\"async\" width=\"1024\" height=\"300\" src=\"https:\/\/tvc16.com\/portal\/wp-content\/uploads\/2021\/02\/foto4.jpg\" alt=\"\" class=\"wp-image-10418\" srcset=\"https:\/\/tvc16.com\/portal\/wp-content\/uploads\/2021\/02\/foto4.jpg 1024w, https:\/\/tvc16.com\/portal\/wp-content\/uploads\/2021\/02\/foto4-300x88.jpg 300w, https:\/\/tvc16.com\/portal\/wp-content\/uploads\/2021\/02\/foto4-768x225.jpg 768w\" sizes=\"auto, (max-width: 1024px) 100vw, 1024px\" \/><\/figure>\n\n\n\n<p>Os americanos provavelmente come\u00e7aram a trocar cart\u00f5es feitos \u00e0 m\u00e3o no in\u00edcio do s\u00e9culo XVIII.&nbsp;Na d\u00e9cada de 1840, Esther Howland come\u00e7ou a vender os primeiros cart\u00f5es de Dia dos Namorados produzidos em massa na Am\u00e9rica.&nbsp;Howland, conhecida como a \u201cM\u00e3e dos Namorados\u201d, fez cria\u00e7\u00f5es elaboradas com rendas reais, fitas e fotos coloridas.&nbsp;Hoje, de acordo com a Greeting Card Association, cerca de 145 milh\u00f5es de cart\u00f5es do Dia dos Namorados s\u00e3o enviados a cada ano, tornando o Dia dos Namorados o segundo maior feriado do ano para envio de cart\u00f5es, perdendo apenas para o Natal.&nbsp;<\/p>\n\n\n\n<p><\/p>\n","protected":false},"excerpt":{"rendered":"<p>A Lenda de S\u00e3o Valentim Por Sandra Brito \u2013 professora e escritora A hist\u00f3ria do<\/p>\n","protected":false},"author":2,"featured_media":10415,"comment_status":"open","ping_status":"open","sticky":false,"template":"","format":"standard","meta":{"footnotes":""},"categories":[16],"tags":[],"class_list":["post-10414","post","type-post","status-publish","format-standard","has-post-thumbnail","hentry","category-colunistas"],"_links":{"self":[{"href":"https:\/\/tvc16.com\/portal\/wp-json\/wp\/v2\/posts\/10414","targetHints":{"allow":["GET"]}}],"collection":[{"href":"https:\/\/tvc16.com\/portal\/wp-json\/wp\/v2\/posts"}],"about":[{"href":"https:\/\/tvc16.com\/portal\/wp-json\/wp\/v2\/types\/post"}],"author":[{"embeddable":true,"href":"https:\/\/tvc16.com\/portal\/wp-json\/wp\/v2\/users\/2"}],"replies":[{"embeddable":true,"href":"https:\/\/tvc16.com\/portal\/wp-json\/wp\/v2\/comments?post=10414"}],"version-history":[{"count":2,"href":"https:\/\/tvc16.com\/portal\/wp-json\/wp\/v2\/posts\/10414\/revisions"}],"predecessor-version":[{"id":10420,"href":"https:\/\/tvc16.com\/portal\/wp-json\/wp\/v2\/posts\/10414\/revisions\/10420"}],"wp:featuredmedia":[{"embeddable":true,"href":"https:\/\/tvc16.com\/portal\/wp-json\/wp\/v2\/media\/10415"}],"wp:attachment":[{"href":"https:\/\/tvc16.com\/portal\/wp-json\/wp\/v2\/media?parent=10414"}],"wp:term":[{"taxonomy":"category","embeddable":true,"href":"https:\/\/tvc16.com\/portal\/wp-json\/wp\/v2\/categories?post=10414"},{"taxonomy":"post_tag","embeddable":true,"href":"https:\/\/tvc16.com\/portal\/wp-json\/wp\/v2\/tags?post=10414"}],"curies":[{"name":"wp","href":"https:\/\/api.w.org\/{rel}","templated":true}]}}