{"id":104147,"date":"2025-05-14T08:36:18","date_gmt":"2025-05-14T11:36:18","guid":{"rendered":"https:\/\/tvc16.com\/portal\/?p=104147"},"modified":"2025-05-14T08:36:19","modified_gmt":"2025-05-14T11:36:19","slug":"projeto-de-lei-impede-reajuste-da-tarifa-de-agua-se-contrato-for-descumprido","status":"publish","type":"post","link":"https:\/\/tvc16.com\/portal\/2025\/05\/14\/projeto-de-lei-impede-reajuste-da-tarifa-de-agua-se-contrato-for-descumprido\/","title":{"rendered":"Projeto de Lei impede reajuste da tarifa de \u00e1gua se contrato for descumprido"},"content":{"rendered":"\n<p>Foi aprovado nesta ter\u00e7a-feira (13) o Projeto de Lei que pro\u00edbe o reajuste da tarifa de \u00e1gua e esgoto em caso de descumprimento do contrato de subconcess\u00e3o por parte da concession\u00e1ria respons\u00e1vel. A proposta, de autoria do vereador Junior Paix\u00e3o, tamb\u00e9m fortalece a transpar\u00eancia nos processos de defini\u00e7\u00e3o de tarifas e amplia o papel fiscalizador do Legislativo e da sociedade civil.<\/p>\n\n\n\n<p>Segundo o texto aprovado, fica vedada qualquer majora\u00e7\u00e3o nos valores cobrados caso a subconcession\u00e1ria deixe de cumprir obriga\u00e7\u00f5es contratuais. O projeto estabelece ainda que toda proposta de reajuste com planilhas e justificativas dever\u00e1 ser apresentada com anteced\u00eancia m\u00ednima de dois meses \u00e0 C\u00e2mara Municipal e \u00e0 popula\u00e7\u00e3o.<\/p>\n\n\n\n<p>A Companhia Municipal de Desenvolvimento de Petr\u00f3polis (COMDEP), respons\u00e1vel pela fiscaliza\u00e7\u00e3o do contrato, dever\u00e1 enviar relat\u00f3rios ao Executivo e ao Legislativo informando o cronograma contratual, bem como eventuais descumprimentos.<\/p>\n\n\n\n<p>A proposta tamb\u00e9m determina que a C\u00e2mara realize audi\u00eancia p\u00fablica, com ampla divulga\u00e7\u00e3o, antes de qualquer altera\u00e7\u00e3o tarif\u00e1ria, assegurando a transpar\u00eancia e o controle social no processo.<\/p>\n\n\n\n<p>Entre os casos considerados como descumprimento contratual e que, portanto, impedem o reajuste est\u00e3o a n\u00e3o recomposi\u00e7\u00e3o do piso das vias p\u00fablicas dentro do prazo estabelecido e o descumprimento das normas previstas no novo marco legal do saneamento b\u00e1sico (Lei Federal n\u00ba 14.026\/2020).<\/p>\n\n\n\n<p>\u201cReconhecemos os avan\u00e7os no saneamento ap\u00f3s a subconcess\u00e3o, mas ainda enfrentamos falhas no abastecimento, principalmente em \u00e1reas perif\u00e9ricas, e falta de clareza nos crit\u00e9rios para reajuste. Essa lei \u00e9 uma resposta \u00e0 popula\u00e7\u00e3o, que exige mais justi\u00e7a e responsabilidade\u201d, destacou o vereador Junior Paix\u00e3o.<\/p>\n\n\n\n<p>O projeto agora segue para san\u00e7\u00e3o do Executivo Municipal.<\/p>\n","protected":false},"excerpt":{"rendered":"<p>Foi aprovado nesta ter\u00e7a-feira (13) o Projeto de Lei que pro\u00edbe o reajuste da tarifa<\/p>\n","protected":false},"author":2,"featured_media":36365,"comment_status":"open","ping_status":"open","sticky":false,"template":"","format":"standard","meta":{"footnotes":""},"categories":[12],"tags":[],"class_list":["post-104147","post","type-post","status-publish","format-standard","has-post-thumbnail","hentry","category-cidade"],"_links":{"self":[{"href":"https:\/\/tvc16.com\/portal\/wp-json\/wp\/v2\/posts\/104147","targetHints":{"allow":["GET"]}}],"collection":[{"href":"https:\/\/tvc16.com\/portal\/wp-json\/wp\/v2\/posts"}],"about":[{"href":"https:\/\/tvc16.com\/portal\/wp-json\/wp\/v2\/types\/post"}],"author":[{"embeddable":true,"href":"https:\/\/tvc16.com\/portal\/wp-json\/wp\/v2\/users\/2"}],"replies":[{"embeddable":true,"href":"https:\/\/tvc16.com\/portal\/wp-json\/wp\/v2\/comments?post=104147"}],"version-history":[{"count":1,"href":"https:\/\/tvc16.com\/portal\/wp-json\/wp\/v2\/posts\/104147\/revisions"}],"predecessor-version":[{"id":104148,"href":"https:\/\/tvc16.com\/portal\/wp-json\/wp\/v2\/posts\/104147\/revisions\/104148"}],"wp:featuredmedia":[{"embeddable":true,"href":"https:\/\/tvc16.com\/portal\/wp-json\/wp\/v2\/media\/36365"}],"wp:attachment":[{"href":"https:\/\/tvc16.com\/portal\/wp-json\/wp\/v2\/media?parent=104147"}],"wp:term":[{"taxonomy":"category","embeddable":true,"href":"https:\/\/tvc16.com\/portal\/wp-json\/wp\/v2\/categories?post=104147"},{"taxonomy":"post_tag","embeddable":true,"href":"https:\/\/tvc16.com\/portal\/wp-json\/wp\/v2\/tags?post=104147"}],"curies":[{"name":"wp","href":"https:\/\/api.w.org\/{rel}","templated":true}]}}