{"id":104153,"date":"2025-05-14T09:00:55","date_gmt":"2025-05-14T12:00:55","guid":{"rendered":"https:\/\/tvc16.com\/portal\/?p=104153"},"modified":"2025-05-14T09:00:56","modified_gmt":"2025-05-14T12:00:56","slug":"petropolis-tem-uma-nova-referencia-para-tratamento-de-glaucoma","status":"publish","type":"post","link":"https:\/\/tvc16.com\/portal\/2025\/05\/14\/petropolis-tem-uma-nova-referencia-para-tratamento-de-glaucoma\/","title":{"rendered":"Petr\u00f3polis tem uma nova refer\u00eancia para tratamento de glaucoma"},"content":{"rendered":"\n<p>A cidade de Petr\u00f3polis tem agora uma nova refer\u00eancia no Sistema \u00danico de Sa\u00fade (SUS) para o atendimento de pessoas com glaucoma. O Centro de Refer\u00eancia e Tratamento em Glaucoma j\u00e1 est\u00e1 em funcionamento e faz parte de um conv\u00eanio da Prefeitura de Petr\u00f3polis com a Unifase.<\/p>\n\n\n\n<p>\u201c\u00c9 importante ampliar os atendimentos para garantir o acesso da popula\u00e7\u00e3o. Esse conv\u00eanio com a Unifase tamb\u00e9m \u00e9 muito positivo para oferecer sa\u00fade de qualidade para aqueles que precisam do atendimento na nossa rede municipal\u201d, comentou o prefeito Hingo Hammes.<\/p>\n\n\n\n<p>Os pacientes com suspeita de glaucoma s\u00e3o encaminhados pela regula\u00e7\u00e3o da Secretaria de Sa\u00fade para o Ambulat\u00f3rio Escola, localizado em Cascatinha. No local, al\u00e9m da consulta, os pacientes fazem todos os exames e, se necess\u00e1rio, recebem o medicamento gratuitamente para o tratamento da doen\u00e7a. Atualmente, os atendimentos acontecem segundas, ter\u00e7as e sextas-feiras, na parte da manh\u00e3.<\/p>\n\n\n\n<p>\u201cSabemos que o quanto antes o paciente diagnosticar o glaucoma, mais chances ele tem de garantir uma vida melhor e por isso \u00e9 t\u00e3o necess\u00e1rio ampliar esse atendimento na nossa cidade\u201d, explica o secret\u00e1rio de Sa\u00fade, Lu\u00eds Cruzick.<\/p>\n","protected":false},"excerpt":{"rendered":"<p>A cidade de Petr\u00f3polis tem agora uma nova refer\u00eancia no Sistema \u00danico de Sa\u00fade (SUS)<\/p>\n","protected":false},"author":2,"featured_media":104154,"comment_status":"open","ping_status":"open","sticky":false,"template":"","format":"standard","meta":{"footnotes":""},"categories":[12],"tags":[],"class_list":["post-104153","post","type-post","status-publish","format-standard","has-post-thumbnail","hentry","category-cidade"],"_links":{"self":[{"href":"https:\/\/tvc16.com\/portal\/wp-json\/wp\/v2\/posts\/104153","targetHints":{"allow":["GET"]}}],"collection":[{"href":"https:\/\/tvc16.com\/portal\/wp-json\/wp\/v2\/posts"}],"about":[{"href":"https:\/\/tvc16.com\/portal\/wp-json\/wp\/v2\/types\/post"}],"author":[{"embeddable":true,"href":"https:\/\/tvc16.com\/portal\/wp-json\/wp\/v2\/users\/2"}],"replies":[{"embeddable":true,"href":"https:\/\/tvc16.com\/portal\/wp-json\/wp\/v2\/comments?post=104153"}],"version-history":[{"count":1,"href":"https:\/\/tvc16.com\/portal\/wp-json\/wp\/v2\/posts\/104153\/revisions"}],"predecessor-version":[{"id":104155,"href":"https:\/\/tvc16.com\/portal\/wp-json\/wp\/v2\/posts\/104153\/revisions\/104155"}],"wp:featuredmedia":[{"embeddable":true,"href":"https:\/\/tvc16.com\/portal\/wp-json\/wp\/v2\/media\/104154"}],"wp:attachment":[{"href":"https:\/\/tvc16.com\/portal\/wp-json\/wp\/v2\/media?parent=104153"}],"wp:term":[{"taxonomy":"category","embeddable":true,"href":"https:\/\/tvc16.com\/portal\/wp-json\/wp\/v2\/categories?post=104153"},{"taxonomy":"post_tag","embeddable":true,"href":"https:\/\/tvc16.com\/portal\/wp-json\/wp\/v2\/tags?post=104153"}],"curies":[{"name":"wp","href":"https:\/\/api.w.org\/{rel}","templated":true}]}}