{"id":104156,"date":"2025-05-14T09:02:47","date_gmt":"2025-05-14T12:02:47","guid":{"rendered":"https:\/\/tvc16.com\/portal\/?p=104156"},"modified":"2025-05-14T09:02:48","modified_gmt":"2025-05-14T12:02:48","slug":"prazo-para-entrega-da-declan-ipm-termina-no-dia-20","status":"publish","type":"post","link":"https:\/\/tvc16.com\/portal\/2025\/05\/14\/prazo-para-entrega-da-declan-ipm-termina-no-dia-20\/","title":{"rendered":"Prazo para entrega da Declan-IPM termina no dia 20"},"content":{"rendered":"\n<p>Prefeitura refor\u00e7a import\u00e2ncia da declara\u00e7\u00e3o correta para ampliar repasses ao munic\u00edpio<\/p>\n\n\n\n<p>O prazo para envio da Declara\u00e7\u00e3o Anual para o C\u00e1lculo do \u00cdndice de Participa\u00e7\u00e3o dos Munic\u00edpios (Declan-IPM) termina no pr\u00f3ximo dia 20 de maio. A entrega deve ser feita por todas as empresas com inscri\u00e7\u00e3o estadual e atividades que envolvam circula\u00e7\u00e3o de mercadorias ou presta\u00e7\u00e3o de servi\u00e7os sujeitos \u00e0 incid\u00eancia de ICMS.<\/p>\n\n\n\n<p>A Declan-IPM re\u00fane informa\u00e7\u00f5es fundamentais sobre a movimenta\u00e7\u00e3o econ\u00f4mica do munic\u00edpio. Esses dados alimentam o c\u00e1lculo do \u00cdndice de Participa\u00e7\u00e3o dos Munic\u00edpios (IPM), utilizado para definir o percentual da cota-parte do ICMS que cabe a cada cidade fluminense.<\/p>\n\n\n\n<p>\u201cQuando as empresas preenchem a Declan de forma correta, Petr\u00f3polis tem a chance de receber uma parcela maior dos recursos do ICMS. Isso significa mais verbas para aplicar em sa\u00fade, educa\u00e7\u00e3o, infraestrutura e outros servi\u00e7os essenciais para a popula\u00e7\u00e3o\u201d, destacou o prefeito Hingo Hammes\u201d.<\/p>\n\n\n\n<p>A maior parte do IPM \u2014 75% \u2014 tem como base o Valor Adicionado, calculado a partir dos dados informados na Declan. Por isso, o preenchimento completo e correto do documento \u00e9 determinante para o aumento dos repasses estaduais ao munic\u00edpio.<\/p>\n\n\n\n<p>A Declan-IPM deve ser enviada por meio do sistema disponibilizado pela Secretaria de Estado de Fazenda. Sem esse envio, o munic\u00edpio pode sofrer perdas significativas no c\u00e1lculo do IPM, reduzindo a capacidade de investimento em pol\u00edticas p\u00fablicas.<\/p>\n\n\n\n<p>\u201c\u00c9 por meio desse instrumento que conseguimos demonstrar o peso da atividade econ\u00f4mica local na arrecada\u00e7\u00e3o estadual. Cada informa\u00e7\u00e3o correta ajuda a compor um retrato fiel da economia de Petr\u00f3polis\u201d, afirmou o secret\u00e1rio de Fazenda, F\u00e1bio Junior, refor\u00e7ando que a \u201cdeclara\u00e7\u00e3o vai al\u00e9m do cumprimento de uma exig\u00eancia legal\u201d.<\/p>\n\n\n\n<p>A equipe t\u00e9cnica da Secretaria de Fazenda est\u00e1 \u00e0 disposi\u00e7\u00e3o para tirar d\u00favidas de empres\u00e1rios e profissionais da contabilidade sobre o preenchimento correto da Declan. O atendimento pode ser feito pelo site da Prefeitura (www.petropolis.rj.gov.br) ou diretamente na sede da Secretaria.<\/p>\n\n\n\n<p>Nos casos em que forem identificadas inconsist\u00eancias ou omiss\u00f5es, a Secretaria de Fazenda far\u00e1 contato com os respons\u00e1veis para que as corre\u00e7\u00f5es sejam efetuadas dentro do prazo. A retifica\u00e7\u00e3o deve ser feita at\u00e9 o dia 27 de maio.<\/p>\n","protected":false},"excerpt":{"rendered":"<p>Prefeitura refor\u00e7a import\u00e2ncia da declara\u00e7\u00e3o correta para ampliar repasses ao munic\u00edpio O prazo para envio<\/p>\n","protected":false},"author":2,"featured_media":91581,"comment_status":"open","ping_status":"open","sticky":false,"template":"","format":"standard","meta":{"footnotes":""},"categories":[12],"tags":[],"class_list":["post-104156","post","type-post","status-publish","format-standard","has-post-thumbnail","hentry","category-cidade"],"_links":{"self":[{"href":"https:\/\/tvc16.com\/portal\/wp-json\/wp\/v2\/posts\/104156","targetHints":{"allow":["GET"]}}],"collection":[{"href":"https:\/\/tvc16.com\/portal\/wp-json\/wp\/v2\/posts"}],"about":[{"href":"https:\/\/tvc16.com\/portal\/wp-json\/wp\/v2\/types\/post"}],"author":[{"embeddable":true,"href":"https:\/\/tvc16.com\/portal\/wp-json\/wp\/v2\/users\/2"}],"replies":[{"embeddable":true,"href":"https:\/\/tvc16.com\/portal\/wp-json\/wp\/v2\/comments?post=104156"}],"version-history":[{"count":1,"href":"https:\/\/tvc16.com\/portal\/wp-json\/wp\/v2\/posts\/104156\/revisions"}],"predecessor-version":[{"id":104157,"href":"https:\/\/tvc16.com\/portal\/wp-json\/wp\/v2\/posts\/104156\/revisions\/104157"}],"wp:featuredmedia":[{"embeddable":true,"href":"https:\/\/tvc16.com\/portal\/wp-json\/wp\/v2\/media\/91581"}],"wp:attachment":[{"href":"https:\/\/tvc16.com\/portal\/wp-json\/wp\/v2\/media?parent=104156"}],"wp:term":[{"taxonomy":"category","embeddable":true,"href":"https:\/\/tvc16.com\/portal\/wp-json\/wp\/v2\/categories?post=104156"},{"taxonomy":"post_tag","embeddable":true,"href":"https:\/\/tvc16.com\/portal\/wp-json\/wp\/v2\/tags?post=104156"}],"curies":[{"name":"wp","href":"https:\/\/api.w.org\/{rel}","templated":true}]}}