{"id":104158,"date":"2025-05-14T09:07:07","date_gmt":"2025-05-14T12:07:07","guid":{"rendered":"https:\/\/tvc16.com\/portal\/?p=104158"},"modified":"2025-05-14T09:07:08","modified_gmt":"2025-05-14T12:07:08","slug":"prefeitura-participa-das-acoes-de-comemoracao-do-dia-de-nossa-senhora-de-fatima","status":"publish","type":"post","link":"https:\/\/tvc16.com\/portal\/2025\/05\/14\/prefeitura-participa-das-acoes-de-comemoracao-do-dia-de-nossa-senhora-de-fatima\/","title":{"rendered":"Prefeitura participa das a\u00e7\u00f5es de comemora\u00e7\u00e3o do Dia de Nossa Senhora de F\u00e1tima"},"content":{"rendered":"\n<p>Durante a cerim\u00f4nia, o prefeito Hingo Hammes prestou uma homenagem ao padre Manoel Gouv\u00eaa, que seguir\u00e1 para uma miss\u00e3o religiosa em Teres\u00f3polis<\/p>\n\n\n\n<p>No dia de Nossa Senhora de F\u00e1tima, as comemora\u00e7\u00f5es da santa cat\u00f3lica come\u00e7aram cedo, \u00e0s 7h. Desde as primeiras horas, equipes da Companhia Petropolitana de Tr\u00e2nsito e Transportes (CPTrans) e da Guarda Civil Municipal (GCM) deram suporte nas a\u00e7\u00f5es de ordenamento do tr\u00e2nsito e do acesso ao transporte p\u00fablico. A expectativa \u00e9 de que cinco mil pessoas participem das comemora\u00e7\u00f5es, que seguem at\u00e9 \u00e0s 22h.<\/p>\n\n\n\n<p>O prefeito Hingo Hammes participou da missa que prestou uma homenagem ao padre Manoel Gouveia, que \u00e9 p\u00e1roco da Igreja de Santa Rita de C\u00e1ssia, no Castrioto, e diretor espiritual do trono de F\u00e1tima. O padre segue a miss\u00e3o religiosa agora na cidade de Teres\u00f3polis.<\/p>\n\n\n\n<p>\u201cEssa \u00e9 uma pequena homenagem ao senhor, que tanto fez pela nossa cidade. O dia de Nossa Senhora de F\u00e1tima, em especial a forma como ele \u00e9 comemorado, \u00e9 uma tradi\u00e7\u00e3o muito importante na nossa cidade. N\u00e3o s\u00f3 por conta dos cat\u00f3licos, mas porque ele acontece nesse ponto tur\u00edstico t\u00e3o relevante que \u00e9 Trono de F\u00e1tima\u201d, ressaltou o prefeito Hingo Hammes.<\/p>\n\n\n\n<p>Tr\u00e2nsito organizado<\/p>\n\n\n\n<p>Desde a noite de segunda-feira (12), equipes da CPTrans trabalham no ordenamento do tr\u00e2nsito na regi\u00e3o, para evitar congestionamentos e transtornos para os fieis cat\u00f3licos que frequentam o espa\u00e7o e para o tr\u00e2nsito do Valpara\u00edso e do Centro Hist\u00f3rico. Placas sinalizando o impedimento do acesso \u00e0 Rua Padre Moreira foram instaladas na rua Monsenhor Bacelar e logo adiante, no acesso ao Valpara\u00edso, as placas sinalizaram a melhor rota para o monumento religioso, palco das comemora\u00e7\u00f5es.<\/p>\n\n\n\n<p>Agentes foram posicionados em diferentes pontos da regi\u00e3o para orientar os motoristas e o ponto de \u00f4nibus foi reposicionado para dar melhor fluidez no tr\u00e2nsito. \u201cAl\u00e9m disso, limitamos as \u00e1reas de estacionamento, para evitar que houvesse qualquer restri\u00e7\u00e3o na passagem dos ve\u00edculos\u201d, pontuou o presidente da CPTrans, Luciano Moreira.<\/p>\n","protected":false},"excerpt":{"rendered":"<p>Durante a cerim\u00f4nia, o prefeito Hingo Hammes prestou uma homenagem ao padre Manoel Gouv\u00eaa, que<\/p>\n","protected":false},"author":2,"featured_media":104159,"comment_status":"open","ping_status":"open","sticky":false,"template":"","format":"standard","meta":{"footnotes":""},"categories":[12],"tags":[],"class_list":["post-104158","post","type-post","status-publish","format-standard","has-post-thumbnail","hentry","category-cidade"],"_links":{"self":[{"href":"https:\/\/tvc16.com\/portal\/wp-json\/wp\/v2\/posts\/104158","targetHints":{"allow":["GET"]}}],"collection":[{"href":"https:\/\/tvc16.com\/portal\/wp-json\/wp\/v2\/posts"}],"about":[{"href":"https:\/\/tvc16.com\/portal\/wp-json\/wp\/v2\/types\/post"}],"author":[{"embeddable":true,"href":"https:\/\/tvc16.com\/portal\/wp-json\/wp\/v2\/users\/2"}],"replies":[{"embeddable":true,"href":"https:\/\/tvc16.com\/portal\/wp-json\/wp\/v2\/comments?post=104158"}],"version-history":[{"count":1,"href":"https:\/\/tvc16.com\/portal\/wp-json\/wp\/v2\/posts\/104158\/revisions"}],"predecessor-version":[{"id":104160,"href":"https:\/\/tvc16.com\/portal\/wp-json\/wp\/v2\/posts\/104158\/revisions\/104160"}],"wp:featuredmedia":[{"embeddable":true,"href":"https:\/\/tvc16.com\/portal\/wp-json\/wp\/v2\/media\/104159"}],"wp:attachment":[{"href":"https:\/\/tvc16.com\/portal\/wp-json\/wp\/v2\/media?parent=104158"}],"wp:term":[{"taxonomy":"category","embeddable":true,"href":"https:\/\/tvc16.com\/portal\/wp-json\/wp\/v2\/categories?post=104158"},{"taxonomy":"post_tag","embeddable":true,"href":"https:\/\/tvc16.com\/portal\/wp-json\/wp\/v2\/tags?post=104158"}],"curies":[{"name":"wp","href":"https:\/\/api.w.org\/{rel}","templated":true}]}}