{"id":104161,"date":"2025-05-14T09:10:34","date_gmt":"2025-05-14T12:10:34","guid":{"rendered":"https:\/\/tvc16.com\/portal\/?p=104161"},"modified":"2025-05-14T09:11:34","modified_gmt":"2025-05-14T12:11:34","slug":"vacinacao-de-funcionarios-da-comdep-tem-aplicacao-de-doses-na-posse-e-no-duarte-da-silveira","status":"publish","type":"post","link":"https:\/\/tvc16.com\/portal\/2025\/05\/14\/vacinacao-de-funcionarios-da-comdep-tem-aplicacao-de-doses-na-posse-e-no-duarte-da-silveira\/","title":{"rendered":"Vacina\u00e7\u00e3o de funcion\u00e1rios da Comdep tem aplica\u00e7\u00e3o de doses na Posse e no Duarte da Silveira"},"content":{"rendered":"\n<p>A campanha de vacina\u00e7\u00e3o dos funcion\u00e1rios da Comdep segue avan\u00e7ando e nesta semana, a imuniza\u00e7\u00e3o chegou aos trabalhadores da Ag\u00eancia Regional da Posse e dos coletores de res\u00edduos domiciliares que atuam na Central de Coleta, no Duarte da Silveira. A a\u00e7\u00e3o, realizada pela Prefeitura, por meio de uma parceria entre a Comdep e a Secretaria de Sa\u00fade, garante a atualiza\u00e7\u00e3o da caderneta vacinal com a oferta de vacinas contra influenza, triviral, hepatite B e dT (difteria e t\u00e9tano).<\/p>\n\n\n\n<p>A iniciativa tem como objetivo refor\u00e7ar a prote\u00e7\u00e3o dos servidores que atuam diretamente nos servi\u00e7os essenciais da cidade. \u201cEstamos cuidando de quem cuida da cidade. S\u00e3o trabalhadores que est\u00e3o diariamente nas ruas prestando um servi\u00e7o fundamental \u00e0 popula\u00e7\u00e3o, e essa vacina\u00e7\u00e3o refor\u00e7a nosso compromisso com a sa\u00fade de cada um deles\u201d, destacou o prefeito Hingo Hammes. A vacina\u00e7\u00e3o \u00e9 realizada nos pr\u00f3prios locais de trabalho, facilitando o acesso e ampliando a cobertura entre os colaboradores.<\/p>\n\n\n\n<p>Na primeira etapa da a\u00e7\u00e3o, realizada na sede da Comdep, no Quitandinha, foram aplicadas 200 doses da vacina contra a influenza, 38 da triviral, 34 contra hepatite B e 33 da dT. \u201cA receptividade dos funcion\u00e1rios tem sido excelente. Essa a\u00e7\u00e3o \u00e9 uma forma de valoriza\u00e7\u00e3o e cuidado com a sa\u00fade da nossa equipe, que enfrenta sol, chuva e frio todos os dias para manter a cidade limpa\u201d, ressaltou a presidente da Comdep, Fernanda Ferreira.<\/p>\n\n\n\n<p>O secret\u00e1rio de Sa\u00fade, Luis Cruzick, tamb\u00e9m refor\u00e7ou a import\u00e2ncia da iniciativa. \u201cA vacina\u00e7\u00e3o \u00e9 uma das principais estrat\u00e9gias de preven\u00e7\u00e3o em sa\u00fade p\u00fablica, e garantir esse cuidado aos trabalhadores da limpeza urbana \u00e9 reconhecer o papel essencial que desempenham na vida da cidade\u201d, disse.<\/p>\n","protected":false},"excerpt":{"rendered":"<p>A campanha de vacina\u00e7\u00e3o dos funcion\u00e1rios da Comdep segue avan\u00e7ando e nesta semana, a imuniza\u00e7\u00e3o<\/p>\n","protected":false},"author":2,"featured_media":104162,"comment_status":"open","ping_status":"open","sticky":false,"template":"","format":"standard","meta":{"footnotes":""},"categories":[12,1],"tags":[],"class_list":["post-104161","post","type-post","status-publish","format-standard","has-post-thumbnail","hentry","category-cidade","category-uncategorized"],"_links":{"self":[{"href":"https:\/\/tvc16.com\/portal\/wp-json\/wp\/v2\/posts\/104161","targetHints":{"allow":["GET"]}}],"collection":[{"href":"https:\/\/tvc16.com\/portal\/wp-json\/wp\/v2\/posts"}],"about":[{"href":"https:\/\/tvc16.com\/portal\/wp-json\/wp\/v2\/types\/post"}],"author":[{"embeddable":true,"href":"https:\/\/tvc16.com\/portal\/wp-json\/wp\/v2\/users\/2"}],"replies":[{"embeddable":true,"href":"https:\/\/tvc16.com\/portal\/wp-json\/wp\/v2\/comments?post=104161"}],"version-history":[{"count":1,"href":"https:\/\/tvc16.com\/portal\/wp-json\/wp\/v2\/posts\/104161\/revisions"}],"predecessor-version":[{"id":104163,"href":"https:\/\/tvc16.com\/portal\/wp-json\/wp\/v2\/posts\/104161\/revisions\/104163"}],"wp:featuredmedia":[{"embeddable":true,"href":"https:\/\/tvc16.com\/portal\/wp-json\/wp\/v2\/media\/104162"}],"wp:attachment":[{"href":"https:\/\/tvc16.com\/portal\/wp-json\/wp\/v2\/media?parent=104161"}],"wp:term":[{"taxonomy":"category","embeddable":true,"href":"https:\/\/tvc16.com\/portal\/wp-json\/wp\/v2\/categories?post=104161"},{"taxonomy":"post_tag","embeddable":true,"href":"https:\/\/tvc16.com\/portal\/wp-json\/wp\/v2\/tags?post=104161"}],"curies":[{"name":"wp","href":"https:\/\/api.w.org\/{rel}","templated":true}]}}