{"id":104166,"date":"2025-05-14T10:57:15","date_gmt":"2025-05-14T13:57:15","guid":{"rendered":"https:\/\/tvc16.com\/portal\/?p=104166"},"modified":"2025-05-14T10:57:16","modified_gmt":"2025-05-14T13:57:16","slug":"medium-divaldo-franco-morre-aos-98-anos-em-salvador","status":"publish","type":"post","link":"https:\/\/tvc16.com\/portal\/2025\/05\/14\/medium-divaldo-franco-morre-aos-98-anos-em-salvador\/","title":{"rendered":"M\u00e9dium Divaldo Franco morre aos 98 anos, em Salvador"},"content":{"rendered":"\n<p>Publicou mais de 260 obras que venderam 10 milh\u00f5es de exemplares<\/p>\n\n\n\n<p>O\u00a0m\u00e9dium baiano Divaldo Franco morreu, na noite desta ter\u00e7a-feira (13), aos 98 anos, em Salvador.\u00a0 Segundo a Mans\u00e3o do Caminho, institui\u00e7\u00e3o esp\u00edrita fundada por ele em 1952, ele faleceu \u00e0s 21h45. O\u00a0vel\u00f3rio ser\u00e1 realizado nesta quarta-feira (14), no Gin\u00e1sio da Mans\u00e3o do Caminho, das 9h \u00e0s 20h, na capital baiana.\u00a0O enterro ser\u00e1 na quinta-feira (15), \u00e0s 10h, no Cemit\u00e9rio Bosque da Paz, na mesma cidade.<\/p>\n\n\n\n<p>Nascido em 5 de maio de 1927, em Feira de Santana (BA), Divaldo Franco era o mais novo de 13 irm\u00e3os.\u00a0Segundo sua biografia oficial,\u00a0o m\u00e9dium teve sua primeira experi\u00eancia espiritual aos 4 anos de idade, quando teria conversado com sua j\u00e1 falecida av\u00f3.<\/p>\n\n\n\n<p>Em 1947, fundou seu primeiro centro esp\u00edrita, o Caminho da Reden\u00e7\u00e3o, juntamente com Nilson Pereira de Souza, que morreu em 2013. Os dois fundariam a Mans\u00e3o do Caminho cinco anos depois. \u00a0De acordo com a Mans\u00e3o do Caminho,\u00a0Divaldo fez mais de 20 mil confer\u00eancias, em 2,5 mil cidades de 71 pa\u00edses.\u00a0Publicou cerca de 260 obras, que venderam mais de 10 milh\u00f5es de exemplares e foram traduzidas para 17 idiomas.<\/p>\n\n\n\n<p>Por Ag\u00eancia Brasil<\/p>\n\n\n\n<p>Foto Ministro Rui Costa @costa_rui\/X<\/p>\n","protected":false},"excerpt":{"rendered":"<p>Publicou mais de 260 obras que venderam 10 milh\u00f5es de exemplares O\u00a0m\u00e9dium baiano Divaldo Franco<\/p>\n","protected":false},"author":2,"featured_media":104167,"comment_status":"open","ping_status":"open","sticky":false,"template":"","format":"standard","meta":{"footnotes":""},"categories":[17],"tags":[],"class_list":["post-104166","post","type-post","status-publish","format-standard","has-post-thumbnail","hentry","category-outras-noticias"],"_links":{"self":[{"href":"https:\/\/tvc16.com\/portal\/wp-json\/wp\/v2\/posts\/104166","targetHints":{"allow":["GET"]}}],"collection":[{"href":"https:\/\/tvc16.com\/portal\/wp-json\/wp\/v2\/posts"}],"about":[{"href":"https:\/\/tvc16.com\/portal\/wp-json\/wp\/v2\/types\/post"}],"author":[{"embeddable":true,"href":"https:\/\/tvc16.com\/portal\/wp-json\/wp\/v2\/users\/2"}],"replies":[{"embeddable":true,"href":"https:\/\/tvc16.com\/portal\/wp-json\/wp\/v2\/comments?post=104166"}],"version-history":[{"count":1,"href":"https:\/\/tvc16.com\/portal\/wp-json\/wp\/v2\/posts\/104166\/revisions"}],"predecessor-version":[{"id":104168,"href":"https:\/\/tvc16.com\/portal\/wp-json\/wp\/v2\/posts\/104166\/revisions\/104168"}],"wp:featuredmedia":[{"embeddable":true,"href":"https:\/\/tvc16.com\/portal\/wp-json\/wp\/v2\/media\/104167"}],"wp:attachment":[{"href":"https:\/\/tvc16.com\/portal\/wp-json\/wp\/v2\/media?parent=104166"}],"wp:term":[{"taxonomy":"category","embeddable":true,"href":"https:\/\/tvc16.com\/portal\/wp-json\/wp\/v2\/categories?post=104166"},{"taxonomy":"post_tag","embeddable":true,"href":"https:\/\/tvc16.com\/portal\/wp-json\/wp\/v2\/tags?post=104166"}],"curies":[{"name":"wp","href":"https:\/\/api.w.org\/{rel}","templated":true}]}}