{"id":1042,"date":"2020-09-23T14:21:15","date_gmt":"2020-09-23T14:21:15","guid":{"rendered":"https:\/\/tvc16.com\/portal\/?p=1042"},"modified":"2020-09-23T14:21:15","modified_gmt":"2020-09-23T14:21:15","slug":"inss-vai-aumentar-capacidade-de-atendimento-da-central-135","status":"publish","type":"post","link":"https:\/\/tvc16.com\/portal\/2020\/09\/23\/inss-vai-aumentar-capacidade-de-atendimento-da-central-135\/","title":{"rendered":"INSS vai aumentar capacidade de atendimento da Central 135"},"content":{"rendered":"\n<p>Atendimento pelo canal aumentar\u00e1 30%<\/p>\n\n\n\n<p>O Instituto Nacional do Seguro Social (INSS)&nbsp;informa que contratar\u00e1 mais uma central de atendimento para que seja otimizado o atendimento pelo telefone 135. Ap\u00f3s a contrata\u00e7\u00e3o, ser\u00e1 aumentada&nbsp;em 30% a capacidade de atendimento por meio&nbsp;do canal.<img decoding=\"async\" src=\"https:\/\/agenciabrasil.ebc.com.br\/ebc.png?id=1388718&amp;o=node\"><img decoding=\"async\" src=\"https:\/\/agenciabrasil.ebc.com.br\/ebc.gif?id=1388718&amp;o=node\"><\/p>\n\n\n\n<p>O INSS acrescentou&nbsp;que \u201cdevido ao excesso de demanda provocado pelos acontecimentos da \u00faltima semana, que gerou busca imediata por agenda e informa\u00e7\u00f5es\u201d,&nbsp;far\u00e1 reagendamentos autom\u00e1ticos e avisar\u00e1 ao segurado por meio&nbsp;de liga\u00e7\u00f5es. At\u00e9 sexta-feira (25), o&nbsp;instituto&nbsp;ligar\u00e1 para todos os segurados que tenham&nbsp;o cadastro correto, informando sobre o novo reagendamento. O INSS alerta que nessas liga\u00e7\u00f5es n\u00e3o solicita dados banc\u00e1rios ou de benef\u00edcio.<\/p>\n\n\n\n<p>O segurado que n\u00e3o receber a liga\u00e7\u00e3o at\u00e9 a pr\u00f3xima&nbsp;sexta&nbsp;\u00e9 porque n\u00e3o tinha o cadastro com o telefone v\u00e1lido.&nbsp;Sendo assim, ele deve&nbsp;remarcar o hor\u00e1rio ligando para o 135, servi\u00e7o que estar\u00e1 dispon\u00edvel tamb\u00e9m, a partir da semana que vem, pelo Meu INSS. Dessa forma, s\u00f3 precisar\u00e1 entrar em contato pelo 135 se n\u00e3o puder comparecer na data e hora marcadas, para proceder o reagendamento mais adequado.<\/p>\n\n\n\n<p>\u201cPor fim, informamos, o INSS acaba de contratar uma plataforma centralizada de comuta\u00e7\u00e3o. Essa tecnologia, para as centrais que atendem o 135, otimizar\u00e1 o tempo de espera, transferindo automaticamente a liga\u00e7\u00e3o para a central que esteja menos sobrecarregada, fazendo com que o atendimento seja mais r\u00e1pido e eficiente\u201d, disse o \u00f3rg\u00e3o.<\/p>\n\n\n\n<p>Por Kelly Oliveira &#8211; Rep\u00f3rter da Ag\u00eancia Brasil &#8211; Bras\u00edlia<\/p>\n\n\n\n<p>Edi\u00e7\u00e3o: Gra\u00e7a Adjuto<\/p>\n","protected":false},"excerpt":{"rendered":"<p>Atendimento pelo canal aumentar\u00e1 30% O Instituto Nacional do Seguro Social (INSS)&nbsp;informa que contratar\u00e1 mais<\/p>\n","protected":false},"author":2,"featured_media":1043,"comment_status":"open","ping_status":"open","sticky":false,"template":"","format":"standard","meta":{"footnotes":""},"categories":[14],"tags":[],"class_list":["post-1042","post","type-post","status-publish","format-standard","has-post-thumbnail","hentry","category-pais"],"_links":{"self":[{"href":"https:\/\/tvc16.com\/portal\/wp-json\/wp\/v2\/posts\/1042","targetHints":{"allow":["GET"]}}],"collection":[{"href":"https:\/\/tvc16.com\/portal\/wp-json\/wp\/v2\/posts"}],"about":[{"href":"https:\/\/tvc16.com\/portal\/wp-json\/wp\/v2\/types\/post"}],"author":[{"embeddable":true,"href":"https:\/\/tvc16.com\/portal\/wp-json\/wp\/v2\/users\/2"}],"replies":[{"embeddable":true,"href":"https:\/\/tvc16.com\/portal\/wp-json\/wp\/v2\/comments?post=1042"}],"version-history":[{"count":1,"href":"https:\/\/tvc16.com\/portal\/wp-json\/wp\/v2\/posts\/1042\/revisions"}],"predecessor-version":[{"id":1044,"href":"https:\/\/tvc16.com\/portal\/wp-json\/wp\/v2\/posts\/1042\/revisions\/1044"}],"wp:featuredmedia":[{"embeddable":true,"href":"https:\/\/tvc16.com\/portal\/wp-json\/wp\/v2\/media\/1043"}],"wp:attachment":[{"href":"https:\/\/tvc16.com\/portal\/wp-json\/wp\/v2\/media?parent=1042"}],"wp:term":[{"taxonomy":"category","embeddable":true,"href":"https:\/\/tvc16.com\/portal\/wp-json\/wp\/v2\/categories?post=1042"},{"taxonomy":"post_tag","embeddable":true,"href":"https:\/\/tvc16.com\/portal\/wp-json\/wp\/v2\/tags?post=1042"}],"curies":[{"name":"wp","href":"https:\/\/api.w.org\/{rel}","templated":true}]}}