{"id":10424,"date":"2021-02-14T20:56:27","date_gmt":"2021-02-14T23:56:27","guid":{"rendered":"https:\/\/tvc16.com\/portal\/?p=10424"},"modified":"2021-02-14T20:56:29","modified_gmt":"2021-02-14T23:56:29","slug":"nesta-segunda-feira-15-nova-iguacu-comeca-vacinacao-contra-covid-19-em-idosos-entre-85-e-89-anos","status":"publish","type":"post","link":"https:\/\/tvc16.com\/portal\/2021\/02\/14\/nesta-segunda-feira-15-nova-iguacu-comeca-vacinacao-contra-covid-19-em-idosos-entre-85-e-89-anos\/","title":{"rendered":"Nesta segunda-feira (15), Nova Igua\u00e7u come\u00e7a vacina\u00e7\u00e3o contra COVID-19 em idosos entre 85 e 89 anos"},"content":{"rendered":"\n<p><strong><br><\/strong><em><br>O grupo ser\u00e1 imunizado at\u00e9 a pr\u00f3xima sexta-feira (19). Apenas na ter\u00e7a-feira (16) a programa\u00e7\u00e3o ser\u00e1 interrompida, por conta do feriado de carnaval<\/em><br><br>A primeira fase da programa\u00e7\u00e3o de vacina\u00e7\u00e3o contra a COVID-19 continua a todo vapor em Nova Igua\u00e7u. Entre a pr\u00f3xima segunda-feira (15) e sexta-feira (19), ser\u00e1 a vez dos idosos entre 85 e 89 anos serem imunizados. Al\u00e9m do grupo, a Secretaria Municipal \u00a0de Sa\u00fade tamb\u00e9m vai continuar vacinando as pessoas com mais de 90 anos que n\u00e3o se vacinaram nas duas primeiras semanas da campanha. Apenas na ter\u00e7a-feira (16) a vacina\u00e7\u00e3o vai ser interrompida, devido ao feriado de carnaval.<\/p>\n\n\n\n<p>A programa\u00e7\u00e3o segue de forma escalonada e gradual no munic\u00edpio. At\u00e9 o momento foram recebidas 28.020 vacinas de CoronaVac e da Oxford\/Aztrazeneca, sendo que 20.555 foram separadas para aplica\u00e7\u00e3o da primeira dose e 7.465 para a segunda. Destas 20.555 doses, 5.110 de CoronaVac chegaram nesta quinta-feira (11), enviadas pelo Governo do Estado. Desde o dia 20 de janeiro, quando come\u00e7ou a imuniza\u00e7\u00e3o na cidade, &nbsp;at\u00e9 a quinta-feira (11), foram utilizadas 9.612 vacinas do total, sendo 7.400 para primeira dose e 2.212 para segunda. A expectativa \u00e9 que o estoque atual de vacinas seja suficiente para vacinar o p\u00fablico-alvo acima de 80 anos at\u00e9 o final de de fevereiro.<\/p>\n\n\n\n<p>At\u00e9 a \u00faltima quinta-feira (11), foram vacinados 5.422 profissionais de sa\u00fade com a primeira dose e 1.655 com a segunda; 522 idosos acima de 60 anos residentes em institui\u00e7\u00f5es de Longa Perman\u00eancia com a primeira dose e 446 com a segunda; 175 profissionais de sa\u00fade acima de 60 anos; 1.182 idosos acima de 90 anos e 99 maiores de 18 anos com defici\u00eancia inclusiva com a primeira dose e 111 com a segunda.<br><br>A vacina\u00e7\u00e3o acontece &nbsp;de segunda a sexta-feira, das 8h30 \u00e0s 16h, e o idoso dever\u00e1 apresentar carteira de identidade, comprovante de resid\u00eancia, CPF e cart\u00e3o SUS. No total s\u00e3o oito pontos de vacina\u00e7\u00e3o espalhados pela cidade. O drive thru do Centro Ol\u00edmpico e o Espa\u00e7o Municipal da Terceira Idade (ESMUTI) s\u00e3o exclusivos para o atendimento aos idosos com mais de 80 anos, enquanto as Unidades B\u00e1sicas de Sa\u00fade de Para\u00edso, Vila de Cava e Austin, a Policl\u00ednica de Miguel Couto e as Cl\u00ednicas da Fam\u00edlia Odiceia Morais, no Centro, e Emilia Gomes, em Comendador Soares s\u00e3o para esses profissionais de sa\u00fade acima de 60 anos.<\/p>\n\n\n\n<h4 class=\"wp-block-heading\">POSTOS EXCLUSIVOS PARA VACINAR IDOSOS ACIMA DE 80 ANOS (CONFORME CRONOGRAMA)<\/h4>\n\n\n\n<p><strong>DRIVE THRU \u2013 CENTRO OL\u00cdMPICO DE NOVA IGUA\u00c7U<\/strong><\/p>\n\n\n\n<p><a rel=\"noreferrer noopener\" target=\"_blank\" href=\"https:\/\/www.google.com.br\/maps\/place\/Centro+de+Formacao+Olimpica+Nova+Iguacu\/@-22.743308,-43.4612381,17z\/data=!3m1!4b1!4m13!1m7!3m6!1s0x9967bc9222c0ab:0xdbfeac58c8497588!2sR.+Sav%C3%A9rio+Jos%C3%A9+Bruno+-+Moquet%C3%A1,+Nova+Igua%C3%A7u+-+RJ!3b1!8m2!3d-22.7429288!4d-43.4569482!3m4!1s0x9967bb68a1c39f:0x48501a584ac93310!8m2!3d-22.743313!4d-43.4590494\">Rua Sav\u00e9rio Jos\u00e9 Bruno, s\/n\u00ba, 1725, Centro.<\/a><\/p>\n\n\n\n<p>Refer\u00eancia: Pr\u00f3ximo ao Viaduto da Posse.<\/p>\n\n\n\n<p><strong>ESPA\u00c7O MUNICIPAL DA TERCEIRA IDADE DE NOVA IGUA\u00c7U (ESMUTI)<\/strong><\/p>\n\n\n\n<p><a rel=\"noreferrer noopener\" target=\"_blank\" href=\"https:\/\/www.google.com.br\/maps\/place\/Av.+Lu%C3%ADs+de+Matos,+736+-+Luz,+Nova+Igua%C3%A7u+-+RJ,+26255-510\/@-22.760393,-43.4701696,17z\/data=!3m1!4b1!4m5!3m4!1s0x996772736e2de3:0x9672bc08c16e7e8!8m2!3d-22.760398!4d-43.4679809\">Avenida Lu\u00eds de Matos, 736 \u2013 Bairro da Luz.<\/a><\/p>\n\n\n\n<h4 class=\"wp-block-heading\">POSTOS DE VACINA\u00c7\u00c3O PARA PROFISSIONAIS DE SA\u00daDE MAIORES DE 60 ANOS E IDOSOS ACIMA DE 80 (CONFORME CRONOGRAMA)<\/h4>\n\n\n\n<p><strong>UNIDADE B\u00c1SICA DO PARA\u00cdSO<\/strong><\/p>\n\n\n\n<p><a rel=\"noreferrer noopener\" target=\"_blank\" href=\"https:\/\/www.google.com\/maps\/place\/Cl%C3%ADnica+da+Fam%C3%ADlia+Patr%C3%ADcia+Marinho+Jardim+Paraiso\/@-22.8274109,-43.6081562,17z\/data=!3m1!4b1!4m5!3m4!1s0x9be2859b2abe81:0x67f71289a33402e6!8m2!3d-22.8274109!4d-43.6059675\">Rua Ing\u00e1 s\/n\u00ba \u2013 Jardim Para\u00edso<\/a><\/p>\n\n\n\n<p>Refer\u00eancia: UPA 24 Horas Arquiteta Patr\u00edcia Marinho<\/p>\n\n\n\n<p><strong>UNIDADE BASICA DE SAUDE DE VILA DE CAVA<\/strong><\/p>\n\n\n\n<p><a rel=\"noreferrer noopener\" target=\"_blank\" href=\"https:\/\/www.google.com\/maps\/place\/Cl%C3%ADnica+da+Fam%C3%ADlia+24h+%2F+Vila+de+Cava+%2F+Jos%C3%A9+Antonio+da+Silva+Rego\/@-22.6774312,-43.4507347,17z\/data=!3m1!4b1!4m5!3m4!1s0x9969110b61069d:0x9c8f3c65cf859180!8m2!3d-22.6774312!4d-43.448546\">Rua \u00c1lvaro Gon\u00e7alves, 103 \u2013 Vila de Cava<\/a><\/p>\n\n\n\n<p>Refer\u00eancia: UPA 24 Horas Gisele Palhares Gouv\u00eaa<\/p>\n\n\n\n<p><strong>POLICL\u00cdNICA DE MIGUEL COUTO<\/strong><\/p>\n\n\n\n<p><a rel=\"noreferrer noopener\" target=\"_blank\" href=\"https:\/\/www.google.com\/maps\/place\/Cl%C3%ADnica+da+Fam%C3%ADlia+%2F+Miguel+Couto+%2F+Carlinho+do+Tingu%C3%A1\/@-22.7073851,-43.4287321,17z\/data=!3m1!4b1!4m5!3m4!1s0x9969a0daa42e49:0x426aa8ac74ed39cb!8m2!3d-22.7073851!4d-43.4265434\">Rua Digomar Sim\u00f5es e Souza, 50 \u2013 Miguel Couto<\/a><\/p>\n\n\n\n<p>Refer\u00eancia: UPA 24 Horas Carlinhos da Tingu\u00e1 \u2013 Miguel Couto<\/p>\n\n\n\n<p><strong>UNIDADE B\u00c1SICA DE SAUDE DE AUSTIN<\/strong><\/p>\n\n\n\n<p><a rel=\"noreferrer noopener\" target=\"_blank\" href=\"https:\/\/www.google.com\/maps\/place\/Cl%C3%ADnica+da+Fam%C3%ADlia+24h+%2F+Austin+%2F+Dr.+Moacir+A.+de+Carvalho\/@-22.7527751,-43.4427499,19z\/data=!4m5!3m4!1s0x9967890959ba39:0x5cb2d1b231f38b0a!8m2!3d-22.7524362!4d-43.4417977\">Rua Coronel Monteiro de Barros, 783 \u2013 Austin<\/a><\/p>\n\n\n\n<p>Refer\u00eancia: UPS 24 Horas Dr. Moacyr de Carvalho \u2013 Austin<\/p>\n\n\n\n<p><strong>CL\u00cdNICA DA FAM\u00cdLIA ODICEIA MORAIS<\/strong><\/p>\n\n\n\n<p><a rel=\"noreferrer noopener\" target=\"_blank\" href=\"https:\/\/www.google.com\/maps\/place\/Cl%C3%ADnica+da+Familia+Odiceia+Morais\/@-22.7509421,-43.4471748,17z\/data=!3m1!4b1!4m5!3m4!1s0x996652bb1bc911:0x52e9799755d627e0!8m2!3d-22.7509421!4d-43.4449861\">Rua Bol\u00edvia, s\/n\u00ba \u2013 Centro<\/a><\/p>\n\n\n\n<p><strong>CL\u00cdNICA DA FAM\u00cdLIA EMILIA GOMES<\/strong><\/p>\n\n\n\n<p><a rel=\"noreferrer noopener\" target=\"_blank\" href=\"https:\/\/www.google.com\/maps\/place\/Cl%C3%ADnica+da+Fam%C3%ADlia+Diurna+Em%C3%ADlia+Gomes\/@-22.7440135,-43.4979709,17z\/data=!3m1!4b1!4m5!3m4!1s0x995d9da97b09b3:0xf6ab4049b60bbf9c!8m2!3d-22.7440135!4d-43.4957822\">Rua dos Quart\u00e9is, 221 \u2013 Comendador Soares<\/a><\/p>\n","protected":false},"excerpt":{"rendered":"<p>O grupo ser\u00e1 imunizado at\u00e9 a pr\u00f3xima sexta-feira (19). Apenas na ter\u00e7a-feira (16) a programa\u00e7\u00e3o<\/p>\n","protected":false},"author":2,"featured_media":10427,"comment_status":"open","ping_status":"open","sticky":false,"template":"","format":"standard","meta":{"footnotes":""},"categories":[17],"tags":[],"class_list":["post-10424","post","type-post","status-publish","format-standard","has-post-thumbnail","hentry","category-outras-noticias"],"_links":{"self":[{"href":"https:\/\/tvc16.com\/portal\/wp-json\/wp\/v2\/posts\/10424","targetHints":{"allow":["GET"]}}],"collection":[{"href":"https:\/\/tvc16.com\/portal\/wp-json\/wp\/v2\/posts"}],"about":[{"href":"https:\/\/tvc16.com\/portal\/wp-json\/wp\/v2\/types\/post"}],"author":[{"embeddable":true,"href":"https:\/\/tvc16.com\/portal\/wp-json\/wp\/v2\/users\/2"}],"replies":[{"embeddable":true,"href":"https:\/\/tvc16.com\/portal\/wp-json\/wp\/v2\/comments?post=10424"}],"version-history":[{"count":1,"href":"https:\/\/tvc16.com\/portal\/wp-json\/wp\/v2\/posts\/10424\/revisions"}],"predecessor-version":[{"id":10428,"href":"https:\/\/tvc16.com\/portal\/wp-json\/wp\/v2\/posts\/10424\/revisions\/10428"}],"wp:featuredmedia":[{"embeddable":true,"href":"https:\/\/tvc16.com\/portal\/wp-json\/wp\/v2\/media\/10427"}],"wp:attachment":[{"href":"https:\/\/tvc16.com\/portal\/wp-json\/wp\/v2\/media?parent=10424"}],"wp:term":[{"taxonomy":"category","embeddable":true,"href":"https:\/\/tvc16.com\/portal\/wp-json\/wp\/v2\/categories?post=10424"},{"taxonomy":"post_tag","embeddable":true,"href":"https:\/\/tvc16.com\/portal\/wp-json\/wp\/v2\/tags?post=10424"}],"curies":[{"name":"wp","href":"https:\/\/api.w.org\/{rel}","templated":true}]}}