{"id":10431,"date":"2021-02-15T09:31:46","date_gmt":"2021-02-15T12:31:46","guid":{"rendered":"https:\/\/tvc16.com\/portal\/?p=10431"},"modified":"2021-02-15T09:37:26","modified_gmt":"2021-02-15T12:37:26","slug":"mprj-busca-na-justica-anulacao-da-posse-de-ex-prefeito-de-petropolis-como-deputado-estadual-devido-a-suspensao-dos-direitos-politicos-em-decisao-em-acao-de-improbidade","status":"publish","type":"post","link":"https:\/\/tvc16.com\/portal\/2021\/02\/15\/mprj-busca-na-justica-anulacao-da-posse-de-ex-prefeito-de-petropolis-como-deputado-estadual-devido-a-suspensao-dos-direitos-politicos-em-decisao-em-acao-de-improbidade\/","title":{"rendered":"MPRJ busca na Justi\u00e7a anula\u00e7\u00e3o da posse de ex-prefeito de Petr\u00f3polis como deputado estadual, devido \u00e0 suspens\u00e3o dos direitos pol\u00edticos em decis\u00e3o em A\u00e7\u00e3o de Improbidade"},"content":{"rendered":"\n<p>O Minist\u00e9rio P\u00fablico do Estado do Rio de Janeiro (MPRJ), por meio da 2\u00aa Promotoria de Justi\u00e7a de Tutela Coletiva do N\u00facleo Petr\u00f3polis, requereu, na quarta-feira (10\/02),&nbsp; ao Ju\u00edzo da 4\u00aa Vara C\u00edvel de Petr\u00f3polis,&nbsp; que expe\u00e7a of\u00edcio \u00e0 Mesa Diretora da Assembleia Legislativa do Estado do Rio de Janeiro (Alerj), a fim de comunicar a suspens\u00e3o dos direitos pol\u00edticos do ex-prefeito de Petr\u00f3polis, Rubens Jos\u00e9 Fran\u00e7a Bomtempo, e cassar sua posse no cargo de deputado estadual.<\/p>\n\n\n\n<p>A condena\u00e7\u00e3o ocorreu no escopo da a\u00e7\u00e3o civil p\u00fablica ajuizada pelo parquet fluminense por improbidade administrativa (processo n\u00ba 0030554-30.2013.8.19.0042), decorrente do n\u00e3o recolhimento ou do recolhimento com atraso de contribui\u00e7\u00f5es previdenci\u00e1rias devidas ao Instituto de Previd\u00eancia e Assist\u00eancia Social do Servidor P\u00fablico municipal, que ensejaram o pagamento, pelos cofres p\u00fablicos, de mora, incluindo juros, multa e corre\u00e7\u00e3o. Ocorre que, a despeito de a citada decis\u00e3o j\u00e1 ter transitado em julgado, Rubens Jos\u00e9 foi empossado como deputado estadual junto \u00e0 Alerj no in\u00edcio deste ano, na vaga deixada por Renan Ferreirinha, que deixou a fun\u00e7\u00e3o para tornar-se secret\u00e1rio Municipal de Educa\u00e7\u00e3o do Rio.<\/p>\n\n\n\n<p>Dessa forma, aponta o MPRJ, a convoca\u00e7\u00e3o e a posse do ex-prefeito para o exerc\u00edcio do cargo legislativo configura ato ilegal e abusivo. Acrescenta-se ainda que a suspens\u00e3o dos direitos pol\u00edticos do r\u00e9u foi amplamente divulgada por ocasi\u00e3o de sua posse como deputado estadual. Assim, uma vez empossado, deveria a Mesa Diretora da Alerj ter reconhecido seu erro e, em obedi\u00eancia ao princ\u00edpio da autotutela da administra\u00e7\u00e3o p\u00fablica, cassado o mandato de Rubens Jos\u00e9 &#8211; medida que o Minist\u00e9rio P\u00fablico espera que seja tomada a partir do recebimento do of\u00edcio da Justi\u00e7a.<\/p>\n\n\n\n<p>Vale lembrar que Rubens Bomtempo venceu as elei\u00e7\u00f5es de 2020 para prefeito do Munic\u00edpio da Regi\u00e3o Serrana, mas n\u00e3o assumiu o cargo, em decorr\u00eancia da decis\u00e3o da Justi\u00e7a Eleitoral, que impugnou sua candidatura, em virtude da condena\u00e7\u00e3o na perda dos direitos pol\u00edticos por oito anos.<\/p>\n\n\n\n<p>Fonte: MPRJ<\/p>\n","protected":false},"excerpt":{"rendered":"<p>O Minist\u00e9rio P\u00fablico do Estado do Rio de Janeiro (MPRJ), por meio da 2\u00aa Promotoria<\/p>\n","protected":false},"author":2,"featured_media":10432,"comment_status":"open","ping_status":"open","sticky":false,"template":"","format":"standard","meta":{"footnotes":""},"categories":[12],"tags":[],"class_list":["post-10431","post","type-post","status-publish","format-standard","has-post-thumbnail","hentry","category-cidade"],"_links":{"self":[{"href":"https:\/\/tvc16.com\/portal\/wp-json\/wp\/v2\/posts\/10431","targetHints":{"allow":["GET"]}}],"collection":[{"href":"https:\/\/tvc16.com\/portal\/wp-json\/wp\/v2\/posts"}],"about":[{"href":"https:\/\/tvc16.com\/portal\/wp-json\/wp\/v2\/types\/post"}],"author":[{"embeddable":true,"href":"https:\/\/tvc16.com\/portal\/wp-json\/wp\/v2\/users\/2"}],"replies":[{"embeddable":true,"href":"https:\/\/tvc16.com\/portal\/wp-json\/wp\/v2\/comments?post=10431"}],"version-history":[{"count":2,"href":"https:\/\/tvc16.com\/portal\/wp-json\/wp\/v2\/posts\/10431\/revisions"}],"predecessor-version":[{"id":10434,"href":"https:\/\/tvc16.com\/portal\/wp-json\/wp\/v2\/posts\/10431\/revisions\/10434"}],"wp:featuredmedia":[{"embeddable":true,"href":"https:\/\/tvc16.com\/portal\/wp-json\/wp\/v2\/media\/10432"}],"wp:attachment":[{"href":"https:\/\/tvc16.com\/portal\/wp-json\/wp\/v2\/media?parent=10431"}],"wp:term":[{"taxonomy":"category","embeddable":true,"href":"https:\/\/tvc16.com\/portal\/wp-json\/wp\/v2\/categories?post=10431"},{"taxonomy":"post_tag","embeddable":true,"href":"https:\/\/tvc16.com\/portal\/wp-json\/wp\/v2\/tags?post=10431"}],"curies":[{"name":"wp","href":"https:\/\/api.w.org\/{rel}","templated":true}]}}