{"id":10436,"date":"2021-02-16T00:28:42","date_gmt":"2021-02-16T03:28:42","guid":{"rendered":"https:\/\/tvc16.com\/portal\/?p=10436"},"modified":"2021-02-16T00:28:44","modified_gmt":"2021-02-16T03:28:44","slug":"parque-natural-municipal-padre-quinha-na-avenida-ipiranga-sera-reaberto-nesta-terca-feira-16-as-10h","status":"publish","type":"post","link":"https:\/\/tvc16.com\/portal\/2021\/02\/16\/parque-natural-municipal-padre-quinha-na-avenida-ipiranga-sera-reaberto-nesta-terca-feira-16-as-10h\/","title":{"rendered":"Parque Natural Municipal Padre Quinha, na Avenida Ipiranga, ser\u00e1 reaberto nesta ter\u00e7a-feira, (16) \u00e0s 10h"},"content":{"rendered":"\n<p>Para a reabertura do Parque Natural, a prefeitura est\u00e1 assegurando o cumprimento de todo o protocolo da Vigil\u00e2ncia Sanit\u00e1ria. Na entrada, haver\u00e1 aferi\u00e7\u00e3o de temperatura, disponibiliza\u00e7\u00e3o de \u00e1lcool em gel e ser\u00e1 exigido o uso de m\u00e1scara, respeitando o decreto municipal publicado no \u00faltimo dia 5 de fevereiro. Houve a pintura do p\u00f3rtico de entrada, vistoria e limpeza das trilhas e da sala da Guarda Civil.<\/p>\n\n\n\n<p>\u201cO espa\u00e7o estava h\u00e1 muito tempo fechado e as melhorias eram necess\u00e1rias. Ficamos muito felizes em entregar o Parque Natural dessa forma, com o p\u00f3rtico reformado, com as salas limpas, pintadas, enfim, com toda a estrutura para os visitantes e tamb\u00e9m para os funcion\u00e1rios\u201d, explicou o secret\u00e1rio de Meio Ambiente, Edmardo Campbell.<\/p>\n\n\n\n<p>\u201cO Parque Natural faz parte do circuito do Centro Hist\u00f3rico e para o turismo tamb\u00e9m \u00e9 uma conquista\u201d, garantiu Samir El Ghaoui, secret\u00e1rio da Turispetro.<\/p>\n\n\n\n<p>Ap\u00f3s a reabertura amanh\u00e3, o hor\u00e1rio de funcionamento do espa\u00e7o ser\u00e1 de segunda a domingo, de 8h30 \u00e0s 17h30.<\/p>\n","protected":false},"excerpt":{"rendered":"<p>Para a reabertura do Parque Natural, a prefeitura est\u00e1 assegurando o cumprimento de todo o<\/p>\n","protected":false},"author":2,"featured_media":10437,"comment_status":"open","ping_status":"open","sticky":false,"template":"","format":"standard","meta":{"footnotes":""},"categories":[12],"tags":[],"class_list":["post-10436","post","type-post","status-publish","format-standard","has-post-thumbnail","hentry","category-cidade"],"_links":{"self":[{"href":"https:\/\/tvc16.com\/portal\/wp-json\/wp\/v2\/posts\/10436","targetHints":{"allow":["GET"]}}],"collection":[{"href":"https:\/\/tvc16.com\/portal\/wp-json\/wp\/v2\/posts"}],"about":[{"href":"https:\/\/tvc16.com\/portal\/wp-json\/wp\/v2\/types\/post"}],"author":[{"embeddable":true,"href":"https:\/\/tvc16.com\/portal\/wp-json\/wp\/v2\/users\/2"}],"replies":[{"embeddable":true,"href":"https:\/\/tvc16.com\/portal\/wp-json\/wp\/v2\/comments?post=10436"}],"version-history":[{"count":1,"href":"https:\/\/tvc16.com\/portal\/wp-json\/wp\/v2\/posts\/10436\/revisions"}],"predecessor-version":[{"id":10438,"href":"https:\/\/tvc16.com\/portal\/wp-json\/wp\/v2\/posts\/10436\/revisions\/10438"}],"wp:featuredmedia":[{"embeddable":true,"href":"https:\/\/tvc16.com\/portal\/wp-json\/wp\/v2\/media\/10437"}],"wp:attachment":[{"href":"https:\/\/tvc16.com\/portal\/wp-json\/wp\/v2\/media?parent=10436"}],"wp:term":[{"taxonomy":"category","embeddable":true,"href":"https:\/\/tvc16.com\/portal\/wp-json\/wp\/v2\/categories?post=10436"},{"taxonomy":"post_tag","embeddable":true,"href":"https:\/\/tvc16.com\/portal\/wp-json\/wp\/v2\/tags?post=10436"}],"curies":[{"name":"wp","href":"https:\/\/api.w.org\/{rel}","templated":true}]}}