{"id":1045,"date":"2020-09-23T14:24:57","date_gmt":"2020-09-23T14:24:57","guid":{"rendered":"https:\/\/tvc16.com\/portal\/?p=1045"},"modified":"2020-09-23T14:24:57","modified_gmt":"2020-09-23T14:24:57","slug":"caixa-paga-auxilio-de-r-300-para-beneficiarios-do-bolsa-familia","status":"publish","type":"post","link":"https:\/\/tvc16.com\/portal\/2020\/09\/23\/caixa-paga-auxilio-de-r-300-para-beneficiarios-do-bolsa-familia\/","title":{"rendered":"Caixa paga aux\u00edlio de R$ 300 para benefici\u00e1rios do Bolsa Fam\u00edlia"},"content":{"rendered":"\n<p>Ser\u00e3o R$ 428,6 milh\u00f5es para 1,6 milh\u00e3o de pessoas<\/p>\n\n\n\n<p>A Caixa realiza hoje (23) o pagamento de R$ 428,6 milh\u00f5es da primeira parcela do aux\u00edlio emergencial residual para 1,6 milh\u00e3o de benefici\u00e1rios do Bolsa Fam\u00edlia com final 5 do N\u00famero de Identifica\u00e7\u00e3o Social (NIS).<img decoding=\"async\" src=\"https:\/\/agenciabrasil.ebc.com.br\/ebc.png?id=1388708&amp;o=node\"><img decoding=\"async\" src=\"https:\/\/agenciabrasil.ebc.com.br\/ebc.gif?id=1388708&amp;o=node\"><\/p>\n\n\n\n<p>Para quem recebe o Bolsa Fam\u00edlia nada muda. O recebimento do Aux\u00edlio Emergencial Extens\u00e3o atende aos mesmos crit\u00e9rios e datas do benef\u00edcio regular, permitindo a utiliza\u00e7\u00e3o do cart\u00e3o nos canais de Autoatendimento, Unidades Lot\u00e9ricas e Correspondentes Caixa Aqui; ou por cr\u00e9dito na conta Caixa F\u00e1cil.<\/p>\n\n\n\n<p>Para o pagamento do Aux\u00edlio Emergencial Extens\u00e3o, os benefici\u00e1rios do Bolsa Fam\u00edlia tiveram avalia\u00e7\u00e3o de elegibilidade realizada pelo Minist\u00e9rio da Cidadania \u2013 conforme Medida Provis\u00f3ria n\u00ba 1.000, de 2 de setembro de 2020 \u2013 e recebem o valor do Programa Bolsa Fam\u00edlia complementado pela extens\u00e3o do aux\u00edlio emergencial em at\u00e9 R$ 300 ou em at\u00e9 R$ 600, no caso de mulher provedora de fam\u00edlia monoparental.&nbsp;<\/p>\n\n\n\n<p>Se o valor do Bolsa Fam\u00edlia for igual ou maior que R$ 300 ou R$ 600, o benefici\u00e1rio receber\u00e1 o valor do Bolsa Fam\u00edlia, sempre privilegiando o benef\u00edcio de maior valor.<\/p>\n\n\n\n<p>Por Kelly Oliveira \u2013 Rep\u00f3rter da Ag\u00eancia Brasil &#8211; Bras\u00edlia<\/p>\n\n\n\n<p>Edi\u00e7\u00e3o: Kleber Sampaio<\/p>\n","protected":false},"excerpt":{"rendered":"<p>Ser\u00e3o R$ 428,6 milh\u00f5es para 1,6 milh\u00e3o de pessoas A Caixa realiza hoje (23) o<\/p>\n","protected":false},"author":2,"featured_media":1046,"comment_status":"open","ping_status":"open","sticky":false,"template":"","format":"standard","meta":{"footnotes":""},"categories":[17],"tags":[],"class_list":["post-1045","post","type-post","status-publish","format-standard","has-post-thumbnail","hentry","category-outras-noticias"],"_links":{"self":[{"href":"https:\/\/tvc16.com\/portal\/wp-json\/wp\/v2\/posts\/1045","targetHints":{"allow":["GET"]}}],"collection":[{"href":"https:\/\/tvc16.com\/portal\/wp-json\/wp\/v2\/posts"}],"about":[{"href":"https:\/\/tvc16.com\/portal\/wp-json\/wp\/v2\/types\/post"}],"author":[{"embeddable":true,"href":"https:\/\/tvc16.com\/portal\/wp-json\/wp\/v2\/users\/2"}],"replies":[{"embeddable":true,"href":"https:\/\/tvc16.com\/portal\/wp-json\/wp\/v2\/comments?post=1045"}],"version-history":[{"count":1,"href":"https:\/\/tvc16.com\/portal\/wp-json\/wp\/v2\/posts\/1045\/revisions"}],"predecessor-version":[{"id":1047,"href":"https:\/\/tvc16.com\/portal\/wp-json\/wp\/v2\/posts\/1045\/revisions\/1047"}],"wp:featuredmedia":[{"embeddable":true,"href":"https:\/\/tvc16.com\/portal\/wp-json\/wp\/v2\/media\/1046"}],"wp:attachment":[{"href":"https:\/\/tvc16.com\/portal\/wp-json\/wp\/v2\/media?parent=1045"}],"wp:term":[{"taxonomy":"category","embeddable":true,"href":"https:\/\/tvc16.com\/portal\/wp-json\/wp\/v2\/categories?post=1045"},{"taxonomy":"post_tag","embeddable":true,"href":"https:\/\/tvc16.com\/portal\/wp-json\/wp\/v2\/tags?post=1045"}],"curies":[{"name":"wp","href":"https:\/\/api.w.org\/{rel}","templated":true}]}}