{"id":10453,"date":"2021-02-16T23:13:27","date_gmt":"2021-02-17T02:13:27","guid":{"rendered":"https:\/\/tvc16.com\/portal\/?p=10453"},"modified":"2021-02-16T23:13:29","modified_gmt":"2021-02-17T02:13:29","slug":"covid-19-obitos-passam-de-240-mil-e-casos-somam-quase-10-milhoes","status":"publish","type":"post","link":"https:\/\/tvc16.com\/portal\/2021\/02\/16\/covid-19-obitos-passam-de-240-mil-e-casos-somam-quase-10-milhoes\/","title":{"rendered":"Covid-19: \u00f3bitos passam de 240 mil e casos somam quase 10 milh\u00f5es"},"content":{"rendered":"\n<h3 class=\"wp-block-heading\">Segundo Minist\u00e9rio da Sa\u00fade, 8.883.191 j\u00e1 se recuperaram da doen\u00e7a<\/h3>\n\n\n\n<p>O balan\u00e7o divulgado nesta ter\u00e7a-feira (16) pelo Minist\u00e9rio da Sa\u00fade registra 55.271 novos diagn\u00f3sticos de covid-19 em 24 horas. Agora j\u00e1 s\u00e3o 9.921.981 o n\u00famero de pessoas infectadas pela doen\u00e7a desde o in\u00edcio da pandemia no pa\u00eds.&nbsp;<img decoding=\"async\" src=\"https:\/\/agenciabrasil.ebc.com.br\/ebc.png?id=1401497&amp;o=node\"><img decoding=\"async\" src=\"https:\/\/agenciabrasil.ebc.com.br\/ebc.gif?id=1401497&amp;o=node\"><\/p>\n\n\n\n<p>As mortes pelo novo coronav\u00edrus (covid-19) ao longo da pandemia superam&nbsp;240 mil. Em 24 horas, as autoridades de sa\u00fade notificaram 1.167 novos \u00f3bitos, totalizando 240.940.<\/p>\n\n\n\n<p>O balan\u00e7o apontou tamb\u00e9m 797.850 pacientes em acompanhamento e 8.883.191 que j\u00e1 se recuperaram da doen\u00e7a.<\/p>\n\n\n\n<h2 class=\"wp-block-heading\">Estados<\/h2>\n\n\n\n<p>Os estados com mais mortes s\u00e3o S\u00e3o Paulo (56.702), Rio de Janeiro (31.630), Minas Gerais (16.903), Rio Grande do Sul (11.407) e Cear\u00e1 (10.850).<\/p>\n\n\n\n<p>As unidades da Federa\u00e7\u00e3o com menos \u00f3bitos s\u00e3o Acre (932), Roraima (995), Amap\u00e1 (1.112), Tocantins (1.458) e Rond\u00f4nia (2.561).<\/p>\n\n\n\n<figure class=\"wp-block-image\"><img decoding=\"async\" src=\"https:\/\/imagens.ebc.com.br\/cTGy7Fr0rSxLy_YIFa6fbWj7uJ0=\/754x0\/smart\/https:\/\/agenciabrasil.ebc.com.br\/sites\/default\/files\/thumbnails\/image\/whatsapp_image_2021-02-16_at_18.51.54.jpeg?itok=UBxiGqjh\" alt=\"Situa\u00e7\u00e3o do coronav\u00edrus no Brasil.\" title=\"Divulga\u00e7\u00e3o\/Minist\u00e9rio da Sa\u00fade\"\/><\/figure>\n\n\n\n<h6 class=\"wp-block-heading\"><em><strong>Divulga\u00e7\u00e3o\/Minist\u00e9rio da Sa\u00fade<\/strong><\/em><\/h6>\n\n\n\n<p>Por Pedro Rafael Vilela &#8211; Rep\u00f3rter da Ag\u00eancia Brasil &#8211; Bras\u00edlia<\/p>\n\n\n\n<p>Edi\u00e7\u00e3o: Fernando Fraga<\/p>\n","protected":false},"excerpt":{"rendered":"<p>Segundo Minist\u00e9rio da Sa\u00fade, 8.883.191 j\u00e1 se recuperaram da doen\u00e7a O balan\u00e7o divulgado nesta ter\u00e7a-feira<\/p>\n","protected":false},"author":2,"featured_media":10454,"comment_status":"open","ping_status":"open","sticky":false,"template":"","format":"standard","meta":{"footnotes":""},"categories":[17],"tags":[],"class_list":["post-10453","post","type-post","status-publish","format-standard","has-post-thumbnail","hentry","category-outras-noticias"],"_links":{"self":[{"href":"https:\/\/tvc16.com\/portal\/wp-json\/wp\/v2\/posts\/10453","targetHints":{"allow":["GET"]}}],"collection":[{"href":"https:\/\/tvc16.com\/portal\/wp-json\/wp\/v2\/posts"}],"about":[{"href":"https:\/\/tvc16.com\/portal\/wp-json\/wp\/v2\/types\/post"}],"author":[{"embeddable":true,"href":"https:\/\/tvc16.com\/portal\/wp-json\/wp\/v2\/users\/2"}],"replies":[{"embeddable":true,"href":"https:\/\/tvc16.com\/portal\/wp-json\/wp\/v2\/comments?post=10453"}],"version-history":[{"count":1,"href":"https:\/\/tvc16.com\/portal\/wp-json\/wp\/v2\/posts\/10453\/revisions"}],"predecessor-version":[{"id":10455,"href":"https:\/\/tvc16.com\/portal\/wp-json\/wp\/v2\/posts\/10453\/revisions\/10455"}],"wp:featuredmedia":[{"embeddable":true,"href":"https:\/\/tvc16.com\/portal\/wp-json\/wp\/v2\/media\/10454"}],"wp:attachment":[{"href":"https:\/\/tvc16.com\/portal\/wp-json\/wp\/v2\/media?parent=10453"}],"wp:term":[{"taxonomy":"category","embeddable":true,"href":"https:\/\/tvc16.com\/portal\/wp-json\/wp\/v2\/categories?post=10453"},{"taxonomy":"post_tag","embeddable":true,"href":"https:\/\/tvc16.com\/portal\/wp-json\/wp\/v2\/tags?post=10453"}],"curies":[{"name":"wp","href":"https:\/\/api.w.org\/{rel}","templated":true}]}}