{"id":10464,"date":"2021-02-16T23:50:39","date_gmt":"2021-02-17T02:50:39","guid":{"rendered":"https:\/\/tvc16.com\/portal\/?p=10464"},"modified":"2021-02-17T00:02:02","modified_gmt":"2021-02-17T03:02:02","slug":"ex-condutores-das-charretes-fizeram-uma-manifestacao-neste-feriado-de-carnaval","status":"publish","type":"post","link":"https:\/\/tvc16.com\/portal\/2021\/02\/16\/ex-condutores-das-charretes-fizeram-uma-manifestacao-neste-feriado-de-carnaval\/","title":{"rendered":"Ex-condutores das charretes fizeram uma manifesta\u00e7\u00e3o  neste feriado de Carnaval"},"content":{"rendered":"\n<p>Nesta ter\u00e7a-feira pela manh\u00e3, das 9h30 \u00e0s 10h30, os ex-condutores das tradicionais vit\u00f3rias fizeram uma manifesta\u00e7\u00e3o em frente ao Museu Imperial.<\/p>\n\n\n\n<p>O objetivo do protesto foi chamar \u00e0 aten\u00e7\u00e3o de petropolitanos e turistas para a situa\u00e7\u00e3o das fam\u00edlias que ficaram sem renda. Muitos condutores tinham como atividade principal, e sustento, o trabalho nas charretes. Eles pedem uma solu\u00e7\u00e3o para o retorno \u00e0 atividade com carruagens el\u00e9tricas. Segundo os charreteiros, o poder p\u00fablico, \u00e0 \u00e9poca, se comprometeu com uma poss\u00edvel troca dos animais por carruagens el\u00e9tricas.<\/p>\n\n\n\n<p>Lembrando o caso: <\/p>\n\n\n\n<p>No dia 29 de mar\u00e7o de 2019, a prefeitura de Petr\u00f3polis,  obedecendo o resultado do plebiscito, a favor da extin\u00e7\u00e3o da tra\u00e7\u00e3o animal nas charretes, decretou o fim da tra\u00e7\u00e3o animal das vit\u00f3rias. Desde ent\u00e3o, as fam\u00edlias contam com uma cesta b\u00e1sica como aux\u00edlio. Mas, segundo os ex-condutores, isto n\u00e3o \u00e9 a solu\u00e7\u00e3o. Eles pedem um desfecho positivo para o caso. <\/p>\n\n\n\n<figure class=\"wp-block-image size-large\"><img loading=\"lazy\" decoding=\"async\" width=\"1024\" height=\"674\" src=\"https:\/\/tvc16.com\/portal\/wp-content\/uploads\/2021\/02\/IMG-20210216-WA0013-1024x674.jpg\" alt=\"\" class=\"wp-image-10467\" srcset=\"https:\/\/tvc16.com\/portal\/wp-content\/uploads\/2021\/02\/IMG-20210216-WA0013-1024x674.jpg 1024w, https:\/\/tvc16.com\/portal\/wp-content\/uploads\/2021\/02\/IMG-20210216-WA0013-300x197.jpg 300w, https:\/\/tvc16.com\/portal\/wp-content\/uploads\/2021\/02\/IMG-20210216-WA0013-768x505.jpg 768w, https:\/\/tvc16.com\/portal\/wp-content\/uploads\/2021\/02\/IMG-20210216-WA0013.jpg 1280w\" sizes=\"auto, (max-width: 1024px) 100vw, 1024px\" \/><\/figure>\n","protected":false},"excerpt":{"rendered":"<p>Nesta ter\u00e7a-feira pela manh\u00e3, das 9h30 \u00e0s 10h30, os ex-condutores das tradicionais vit\u00f3rias fizeram uma<\/p>\n","protected":false},"author":2,"featured_media":10469,"comment_status":"open","ping_status":"open","sticky":false,"template":"","format":"standard","meta":{"footnotes":""},"categories":[12],"tags":[],"class_list":["post-10464","post","type-post","status-publish","format-standard","has-post-thumbnail","hentry","category-cidade"],"_links":{"self":[{"href":"https:\/\/tvc16.com\/portal\/wp-json\/wp\/v2\/posts\/10464","targetHints":{"allow":["GET"]}}],"collection":[{"href":"https:\/\/tvc16.com\/portal\/wp-json\/wp\/v2\/posts"}],"about":[{"href":"https:\/\/tvc16.com\/portal\/wp-json\/wp\/v2\/types\/post"}],"author":[{"embeddable":true,"href":"https:\/\/tvc16.com\/portal\/wp-json\/wp\/v2\/users\/2"}],"replies":[{"embeddable":true,"href":"https:\/\/tvc16.com\/portal\/wp-json\/wp\/v2\/comments?post=10464"}],"version-history":[{"count":2,"href":"https:\/\/tvc16.com\/portal\/wp-json\/wp\/v2\/posts\/10464\/revisions"}],"predecessor-version":[{"id":10470,"href":"https:\/\/tvc16.com\/portal\/wp-json\/wp\/v2\/posts\/10464\/revisions\/10470"}],"wp:featuredmedia":[{"embeddable":true,"href":"https:\/\/tvc16.com\/portal\/wp-json\/wp\/v2\/media\/10469"}],"wp:attachment":[{"href":"https:\/\/tvc16.com\/portal\/wp-json\/wp\/v2\/media?parent=10464"}],"wp:term":[{"taxonomy":"category","embeddable":true,"href":"https:\/\/tvc16.com\/portal\/wp-json\/wp\/v2\/categories?post=10464"},{"taxonomy":"post_tag","embeddable":true,"href":"https:\/\/tvc16.com\/portal\/wp-json\/wp\/v2\/tags?post=10464"}],"curies":[{"name":"wp","href":"https:\/\/api.w.org\/{rel}","templated":true}]}}