{"id":10474,"date":"2021-02-17T09:12:50","date_gmt":"2021-02-17T12:12:50","guid":{"rendered":"https:\/\/tvc16.com\/portal\/?p=10474"},"modified":"2021-02-17T11:50:25","modified_gmt":"2021-02-17T14:50:25","slug":"deputado-daniel-silveira-passa-a-madrugada-preso-na-sede-da-policia-federal-no-rj-a-prisao-foi-em-petropolis-na-noite-desta-terca-feira","status":"publish","type":"post","link":"https:\/\/tvc16.com\/portal\/2021\/02\/17\/deputado-daniel-silveira-passa-a-madrugada-preso-na-sede-da-policia-federal-no-rj-a-prisao-foi-em-petropolis-na-noite-desta-terca-feira\/","title":{"rendered":"Deputado Daniel Silveira passa a madrugada preso, na sede da Pol\u00edcia Federal, no RJ e continua detido. A pris\u00e3o foi em Petr\u00f3polis, na noite desta ter\u00e7a-feira"},"content":{"rendered":"\n<p><\/p>\n\n\n\n<p>Daniel Silveira, divulgou um v\u00eddeo fazendo apologia ao AI-5 (instrumento de repress\u00e3o mais duro da ditadura militar), e defende a destitui\u00e7\u00e3o de ministros do Supremo Tribunal Federal (STF), o que \u00e9 inconstitucional. Ainda no v\u00eddeo, o parlamentar ataca seis ministros do Supremo Tribunal Federal.<\/p>\n\n\n\n<p>O deputado foi detido no fim da noite em Petr\u00f3polis, passou por exames no Instituto M\u00e9dico Legal (IML) e foi levado ao pr\u00e9dio da Superintend\u00eancia da PF por volta de 1h30.<\/p>\n\n\n\n<p>A pris\u00e3o foi determinada pelo ministro Alexandre de Moraes. Na decis\u00e3o, o Ministro definiu que o mandado deveria ser cumprido imediatamente.<\/p>\n\n\n\n<p>O ministro determinou que o YouTube retire o v\u00eddeo do ar, sob pena de multa di\u00e1ria de R$ 100 mil, e ordenou que a pol\u00edcia armazene c\u00f3pia do material. A decis\u00e3o deve ser analisada pelo plen\u00e1rio do STF na sess\u00e3o desta quarta-feira.<\/p>\n\n\n\n<p>Mesmo em flagrante e por crime inafian\u00e7\u00e1vel, a pris\u00e3o de um deputado federal precisa passar pelo crivo da&nbsp;C\u00e2mara dos deputados.<\/p>\n\n\n\n<p>A decis\u00e3o de Alexandre de Moraes ser\u00e1 analisada nesta quarta (17) pelo plen\u00e1rio do STF. Os ministros da Corte ir\u00e3o decidir se mant\u00eam a pris\u00e3o de Silveira. Este ser\u00e1 o primeiro item da pauta.<\/p>\n\n\n\n<p>PSL pede expuls\u00e3o do deputado do partido<\/p>\n\n\n\n<p>O presidente do PSL Luciano  Bivar disse hoje, pela manh\u00e3, que as atitudes do deputado n\u00e3o combinam com a ideologia do partido e que j\u00e1   pediu a expuls\u00e3o de Daniel Silveira. <\/p>\n\n\n\n<p>Vale lembrar que:<\/p>\n\n\n\n<p>O deputado federal Daniel Silveira \u00e9 investigado pelo STF no inqu\u00e9rito que mira o financiamento e organiza\u00e7\u00e3o de atos antidemocr\u00e1ticos em Bras\u00edlia. Em junho, ele foi alvo de buscas e apreens\u00f5es pela Pol\u00edcia Federal e teve o sigilo fiscal quebrado por decis\u00e3o do ministro Alexandre de Moraes. Em depoimento, o parlamentar negou produzir ou repassar mensagens que incitassem animosidade das For\u00e7as Armadas contra o Supremo ou seus ministros.<\/p>\n","protected":false},"excerpt":{"rendered":"<p>Daniel Silveira, divulgou um v\u00eddeo fazendo apologia ao AI-5 (instrumento de repress\u00e3o mais duro da<\/p>\n","protected":false},"author":2,"featured_media":10475,"comment_status":"open","ping_status":"open","sticky":false,"template":"","format":"standard","meta":{"footnotes":""},"categories":[12],"tags":[],"class_list":["post-10474","post","type-post","status-publish","format-standard","has-post-thumbnail","hentry","category-cidade"],"_links":{"self":[{"href":"https:\/\/tvc16.com\/portal\/wp-json\/wp\/v2\/posts\/10474","targetHints":{"allow":["GET"]}}],"collection":[{"href":"https:\/\/tvc16.com\/portal\/wp-json\/wp\/v2\/posts"}],"about":[{"href":"https:\/\/tvc16.com\/portal\/wp-json\/wp\/v2\/types\/post"}],"author":[{"embeddable":true,"href":"https:\/\/tvc16.com\/portal\/wp-json\/wp\/v2\/users\/2"}],"replies":[{"embeddable":true,"href":"https:\/\/tvc16.com\/portal\/wp-json\/wp\/v2\/comments?post=10474"}],"version-history":[{"count":3,"href":"https:\/\/tvc16.com\/portal\/wp-json\/wp\/v2\/posts\/10474\/revisions"}],"predecessor-version":[{"id":10479,"href":"https:\/\/tvc16.com\/portal\/wp-json\/wp\/v2\/posts\/10474\/revisions\/10479"}],"wp:featuredmedia":[{"embeddable":true,"href":"https:\/\/tvc16.com\/portal\/wp-json\/wp\/v2\/media\/10475"}],"wp:attachment":[{"href":"https:\/\/tvc16.com\/portal\/wp-json\/wp\/v2\/media?parent=10474"}],"wp:term":[{"taxonomy":"category","embeddable":true,"href":"https:\/\/tvc16.com\/portal\/wp-json\/wp\/v2\/categories?post=10474"},{"taxonomy":"post_tag","embeddable":true,"href":"https:\/\/tvc16.com\/portal\/wp-json\/wp\/v2\/tags?post=10474"}],"curies":[{"name":"wp","href":"https:\/\/api.w.org\/{rel}","templated":true}]}}