{"id":10480,"date":"2021-02-17T13:58:55","date_gmt":"2021-02-17T16:58:55","guid":{"rendered":"https:\/\/tvc16.com\/portal\/?p=10480"},"modified":"2021-02-17T13:58:58","modified_gmt":"2021-02-17T16:58:58","slug":"vacinacao-contra-coronavirus-caminha-a-passos-lentos-no-brasil","status":"publish","type":"post","link":"https:\/\/tvc16.com\/portal\/2021\/02\/17\/vacinacao-contra-coronavirus-caminha-a-passos-lentos-no-brasil\/","title":{"rendered":"Vacina\u00e7\u00e3o contra coronav\u00edrus caminha a passos lentos no Brasil"},"content":{"rendered":"\n<p>Especialistas destacam import\u00e2ncia e seguran\u00e7a das vacinas j\u00e1 aprovadas<\/p>\n\n\n\n<p>Prestes a completar um m\u00eas desde o in\u00edcio da campanha de vacina\u00e7\u00e3o contra a Covid-19 no Pa\u00eds, muitas d\u00favidas ainda cercam o tema. &nbsp;A ansiedade em receber o imunizante se soma \u00e0 desinforma\u00e7\u00e3o sobre o assunto, o que gera medo em parte da popula\u00e7\u00e3o. O que se sabe \u00e9 que a vacina\u00e7\u00e3o \u00e9 crucial para frear a pandemia.<\/p>\n\n\n\n<p>Antes de chegar \u00e0 popula\u00e7\u00e3o, esses produtos passam pesquisas e estudos n\u00e3o cl\u00ednicos, incluindo testes em animais. Ent\u00e3o, o imunizante passa por tr\u00eas fases de estudos, o que inclui testes em humanos. Ap\u00f3s isso, os dados s\u00e3o enviados para a Anvisa, \u00f3rg\u00e3o que decide pelo registro da vacina.<\/p>\n\n\n\n<p>Por\u00e9m, h\u00e1 a possibilidade de se pedir o uso de autoriza\u00e7\u00e3o emergencial dos imunizantes, situa\u00e7\u00e3o que ocorreu com as duas vacinas dispon\u00edveis atualmente no Brasil \u2013 CoronaVac e vacina de Oxford. &nbsp;A autoriza\u00e7\u00e3o emergencial tem um prazo de 10 dias para ser julgada pela Anvisa. O registro definitivo \u00e9 um processo mais demorado.&nbsp;<\/p>\n\n\n\n<figure class=\"wp-block-image\"><img decoding=\"async\" src=\"\/\/s3-sa-east-1.amazonaws.com\/agencia-radio-arb\/3657\/content_WhatsApp_Image_2021-02-12_at_18.09.52_%281%29.jpeg\" alt=\"\"\/><\/figure>\n\n\n\n<p>Hemerson Luz, m\u00e9dico infectologista, garante que a popula\u00e7\u00e3o pode ficar tranquila quanto \u00e0 efic\u00e1cia das vacinas que s\u00e3o aprovadas pela Anvisa. \u201cTodas as vacinas s\u00f3 chegam \u00e0 popula\u00e7\u00e3o ap\u00f3s diversos testes que comprovam a seguran\u00e7a e efic\u00e1cia. A seguran\u00e7a \u00e9 de que a vacina n\u00e3o pode causar mal \u00e0s pessoas imunizadas. E a efic\u00e1cia est\u00e1 relacionada \u00e0 capacidade de impedir que um grande n\u00famero de pessoas fique doente ap\u00f3s a vacina\u00e7\u00e3o\u201d, explica.<\/p>\n\n\n\n<p>N\u00e3o h\u00e1 contraindica\u00e7\u00e3o de imuniza\u00e7\u00e3o contra a Covid-19 em pessoas que j\u00e1 foram infectadas pelo v\u00edrus. A CoronaVac e a vacina de Oxford s\u00e3o aplicadas em duas doses, para que se alcance a efic\u00e1cia esperada nos testes desses imunizantes. A CoronaVac possui efic\u00e1cia geral de 50,38% e a vacina de Oxford, 82%.&nbsp;<\/p>\n\n\n\n<p>No Brasil, at\u00e9 a \u00faltima quinta-feira (11), cerca de 4,5 milh\u00f5es de pessoas tinham se vacinado contra o coronav\u00edrus, o que representa apenas 2,16% da popula\u00e7\u00e3o.&nbsp;<\/p>\n\n\n\n<p>Jos\u00e9 C\u00e1ssio de Moraes, m\u00e9dico epidemiologista e professor da Faculdade de Ci\u00eancias M\u00e9dicas da Santa Casa de S\u00e3o Paulo, destaca a import\u00e2ncia da vacina\u00e7\u00e3o contra o coronav\u00edrus, mas ressalta que o baixo \u00edndice verificado no Pa\u00eds dificilmente ter\u00e1 impactos na pandemia.&nbsp;<\/p>\n\n\n\n<p>\u201cA nossa cobertura vacinal n\u00e3o chega nem a 3% da popula\u00e7\u00e3o. Com isso, n\u00e3o se espera nenhum impacto no n\u00famero de casos e \u00f3bitos do coronav\u00edrus. &nbsp;Precisamos atingir um n\u00edvel de cobertura bem mais elevado, entre 60% e 70%, para se ter uma queda na incid\u00eancia e mortalidade.\u201d<\/p>\n\n\n\n<p><strong><a href=\"https:\/\/brasil61.com\/noticias\/pandemia-estimulou-setores-economicos-relacionados-ao-novo-normal-bras213798\" target=\"_blank\" rel=\"noreferrer noopener\">Pandemia estimulou setores econ\u00f4micos relacionados ao \u201cnovo normal\u201d<\/a><\/strong><\/p>\n\n\n\n<h2 class=\"wp-block-heading\">Minist\u00e9rio<\/h2>\n\n\n\n<p>Na \u00faltima quinta-feira (11), o ministro da Sa\u00fade, Eduardo Pazzuelo, disse que em breve o Brasil estar\u00e1 entre as na\u00e7\u00f5es com mais imunizados no mundo. A declara\u00e7\u00e3o foi dada em sess\u00e3o do Senado, em que o titular da pasta deu explica\u00e7\u00f5es sobre a atua\u00e7\u00e3o do governo federal na pandemia. Segundo ele, toda a popula\u00e7\u00e3o brasileira estar\u00e1 vacinada contra o coronav\u00edrus at\u00e9 o fim do ano.&nbsp;<\/p>\n\n\n\n<p>Neste momento, est\u00e3o sendo vacinados trabalhadores de sa\u00fade, idosos, ind\u00edgenas aldeados e pessoas com defici\u00eancia que vivem em institui\u00e7\u00f5es de longa perman\u00eancia, conforme o <a href=\"https:\/\/www.gov.br\/saude\/pt-br\/media\/pdf\/2020\/dezembro\/16\/plano_vacinacao_versao_eletronica-1.pdf\" target=\"_blank\" rel=\"noreferrer noopener\">Plano operacional da vacina\u00e7\u00e3o contra a Covid-19 <\/a>definido pelo governo federal.&nbsp;<br>&nbsp;<\/p>\n\n\n\n<p>Fonte: <a href=\"https:\/\/brasil61.com\/noticias\/vacinacao-contra-coronavirus-caminha-a-passos-lentos-no-brasil-bras213839?email=bethdeoliveira@yahoo.com.br&amp;utm_source=newsletter&amp;utm_medium=newsletter&amp;utm_campaign=newsletter\" target=\"_blank\" rel=\"noreferrer noopener\">Brasil 61<\/a><\/p>\n","protected":false},"excerpt":{"rendered":"<p>Especialistas destacam import\u00e2ncia e seguran\u00e7a das vacinas j\u00e1 aprovadas Prestes a completar um m\u00eas desde<\/p>\n","protected":false},"author":2,"featured_media":10481,"comment_status":"open","ping_status":"open","sticky":false,"template":"","format":"standard","meta":{"footnotes":""},"categories":[17],"tags":[],"class_list":["post-10480","post","type-post","status-publish","format-standard","has-post-thumbnail","hentry","category-outras-noticias"],"_links":{"self":[{"href":"https:\/\/tvc16.com\/portal\/wp-json\/wp\/v2\/posts\/10480","targetHints":{"allow":["GET"]}}],"collection":[{"href":"https:\/\/tvc16.com\/portal\/wp-json\/wp\/v2\/posts"}],"about":[{"href":"https:\/\/tvc16.com\/portal\/wp-json\/wp\/v2\/types\/post"}],"author":[{"embeddable":true,"href":"https:\/\/tvc16.com\/portal\/wp-json\/wp\/v2\/users\/2"}],"replies":[{"embeddable":true,"href":"https:\/\/tvc16.com\/portal\/wp-json\/wp\/v2\/comments?post=10480"}],"version-history":[{"count":1,"href":"https:\/\/tvc16.com\/portal\/wp-json\/wp\/v2\/posts\/10480\/revisions"}],"predecessor-version":[{"id":10482,"href":"https:\/\/tvc16.com\/portal\/wp-json\/wp\/v2\/posts\/10480\/revisions\/10482"}],"wp:featuredmedia":[{"embeddable":true,"href":"https:\/\/tvc16.com\/portal\/wp-json\/wp\/v2\/media\/10481"}],"wp:attachment":[{"href":"https:\/\/tvc16.com\/portal\/wp-json\/wp\/v2\/media?parent=10480"}],"wp:term":[{"taxonomy":"category","embeddable":true,"href":"https:\/\/tvc16.com\/portal\/wp-json\/wp\/v2\/categories?post=10480"},{"taxonomy":"post_tag","embeddable":true,"href":"https:\/\/tvc16.com\/portal\/wp-json\/wp\/v2\/tags?post=10480"}],"curies":[{"name":"wp","href":"https:\/\/api.w.org\/{rel}","templated":true}]}}