{"id":10483,"date":"2021-02-17T20:12:35","date_gmt":"2021-02-17T23:12:35","guid":{"rendered":"https:\/\/tvc16.com\/portal\/?p=10483"},"modified":"2021-02-17T20:12:38","modified_gmt":"2021-02-17T23:12:38","slug":"nenhum-dos-quatro-casos-da-nova-variante-do-coronavirus-informados-ontem-16-pela-fiocruz-e-de-petropolis","status":"publish","type":"post","link":"https:\/\/tvc16.com\/portal\/2021\/02\/17\/nenhum-dos-quatro-casos-da-nova-variante-do-coronavirus-informados-ontem-16-pela-fiocruz-e-de-petropolis\/","title":{"rendered":"Nenhum dos quatro casos da nova variante do coronav\u00edrus informados ontem (16), pela Fiocruz, \u00e9 de Petr\u00f3polis"},"content":{"rendered":"\n<p>A informa\u00e7\u00e3o foi confirmada pelas secretarias municipal e estadual de Sa\u00fade, que at\u00e9 a noite de domingo n\u00e3o tinham sido notificadas sobre qualquer caso no Munic\u00edpio. O paciente citado como sendo da Cidade tem 30 anos e mora h\u00e1 mais de quatro anos no Rio de Janeiro, local onde foi realizado todo o atendimento e onde ele tamb\u00e9m cumpriu o per\u00edodo de isolamento. O homem j\u00e1 morou em Petr\u00f3polis, mas n\u00e3o esteve recentemente na Cidade.<\/p>\n\n\n\n<p>Em reuni\u00e3o realizada na manh\u00e3 desta quarta-feira (17) com o prefeito interino Hingo Hammes e o secret\u00e1rio municipal de Sa\u00fade, Aloisio Barbosa, infectologistas do Munic\u00edpio e representantes da Secretaria de Sa\u00fade ressaltaram que, embora o paciente com diagn\u00f3stico positivo n\u00e3o seja da Cidade, a nova variante n\u00e3o deve gerar alarde.<\/p>\n\n\n\n<p>\u201cNovas variantes s\u00e3o esperadas. As medidas de prote\u00e7\u00e3o s\u00e3o as mesmas, principalmente o uso obrigat\u00f3rio de m\u00e1scara, distanciamento social e higieniza\u00e7\u00e3o das m\u00e3os\u201d, informou o infectologista Jos\u00e9 Henrique Castrioto, que participou da reuni\u00e3o ao lado do tamb\u00e9m infectologista Marco Liserre.<\/p>\n\n\n\n<p>Segundo o secret\u00e1rio municipal de Sa\u00fade, no momento, n\u00e3o h\u00e1 raz\u00e3o para medidas dr\u00e1sticas. \u201cEsta variante j\u00e1 est\u00e1 no Brasil desde outubro, pelo menos. \u00c9 importante que a popula\u00e7\u00e3o entenda que o que preocupa n\u00e3o \u00e9 a chegada da variante, mas sim a parcela da popula\u00e7\u00e3o que insiste em agir como se a pandemia tivesse acabado\u201d, afirmou.<\/p>\n\n\n\n<p>Marco Liserre e Jos\u00e9 Henrique Castrioto lembraram que \u00e9 preciso estar com 70% ou mais da popula\u00e7\u00e3o vacinada para interromper a circula\u00e7\u00e3o do v\u00edrus e isso ainda est\u00e1 distante de acontecer. \u201cMesmo com os vacinados precisamos manter os cuidados. Isso \u00e9 o mais importante\u201d, disse Liserre.<\/p>\n\n\n\n<p>Castrioto lembrou que houve um pico no n\u00famero de atendimentos em dezembro, mas, a partir da\u00ed, houve redu\u00e7\u00e3o significativa. \u201cA rede de sa\u00fade conseguiu atender a demanda e temos, no momento, a situa\u00e7\u00e3o controlada. Temos leitos e a rede de sa\u00fade preparada para o atendimento. Precisamos apenas observar a evolu\u00e7\u00e3o da doen\u00e7a, independente da chegada de novas variantes\u201d, frisou.<\/p>\n\n\n\n<p><\/p>\n","protected":false},"excerpt":{"rendered":"<p>A informa\u00e7\u00e3o foi confirmada pelas secretarias municipal e estadual de Sa\u00fade, que at\u00e9 a noite<\/p>\n","protected":false},"author":2,"featured_media":10484,"comment_status":"open","ping_status":"open","sticky":false,"template":"","format":"standard","meta":{"footnotes":""},"categories":[12],"tags":[],"class_list":["post-10483","post","type-post","status-publish","format-standard","has-post-thumbnail","hentry","category-cidade"],"_links":{"self":[{"href":"https:\/\/tvc16.com\/portal\/wp-json\/wp\/v2\/posts\/10483","targetHints":{"allow":["GET"]}}],"collection":[{"href":"https:\/\/tvc16.com\/portal\/wp-json\/wp\/v2\/posts"}],"about":[{"href":"https:\/\/tvc16.com\/portal\/wp-json\/wp\/v2\/types\/post"}],"author":[{"embeddable":true,"href":"https:\/\/tvc16.com\/portal\/wp-json\/wp\/v2\/users\/2"}],"replies":[{"embeddable":true,"href":"https:\/\/tvc16.com\/portal\/wp-json\/wp\/v2\/comments?post=10483"}],"version-history":[{"count":1,"href":"https:\/\/tvc16.com\/portal\/wp-json\/wp\/v2\/posts\/10483\/revisions"}],"predecessor-version":[{"id":10485,"href":"https:\/\/tvc16.com\/portal\/wp-json\/wp\/v2\/posts\/10483\/revisions\/10485"}],"wp:featuredmedia":[{"embeddable":true,"href":"https:\/\/tvc16.com\/portal\/wp-json\/wp\/v2\/media\/10484"}],"wp:attachment":[{"href":"https:\/\/tvc16.com\/portal\/wp-json\/wp\/v2\/media?parent=10483"}],"wp:term":[{"taxonomy":"category","embeddable":true,"href":"https:\/\/tvc16.com\/portal\/wp-json\/wp\/v2\/categories?post=10483"},{"taxonomy":"post_tag","embeddable":true,"href":"https:\/\/tvc16.com\/portal\/wp-json\/wp\/v2\/tags?post=10483"}],"curies":[{"name":"wp","href":"https:\/\/api.w.org\/{rel}","templated":true}]}}