{"id":10486,"date":"2021-02-17T20:18:04","date_gmt":"2021-02-17T23:18:04","guid":{"rendered":"https:\/\/tvc16.com\/portal\/?p=10486"},"modified":"2021-02-17T20:18:06","modified_gmt":"2021-02-17T23:18:06","slug":"ja-na-reabertura-o-parque-natural-municipal-padre-quinha-na-avenida-ipiranga-recebeu-534-visitantes","status":"publish","type":"post","link":"https:\/\/tvc16.com\/portal\/2021\/02\/17\/ja-na-reabertura-o-parque-natural-municipal-padre-quinha-na-avenida-ipiranga-recebeu-534-visitantes\/","title":{"rendered":"J\u00e1 na reabertura, o Parque Natural Municipal Padre Quinha, na Avenida Ipiranga, recebeu 534 visitantes"},"content":{"rendered":"\n<p>O hor\u00e1rio de funcionamento do espa\u00e7o \u00e9 de segunda a domingo, de 8h30 \u00e0s 17h30.<\/p>\n\n\n\n<p>O local voltou a funcionar ontem (16), feriado de carnaval.  Quem visitou o local p\u00f4de conferir a nova pintura do p\u00f3rtico de entrada, limpeza da trilha menor (cerca de 650 metros) e da sala da Guarda Civil. A outra trilha, maior (com quase 850 metros), ainda vai passar por manejo e remarca\u00e7\u00e3o pela equipe da Secretaria de Meio Ambiente.<\/p>\n\n\n\n<p>O espa\u00e7o voltou a funcionar com aferi\u00e7\u00e3o de temperatura na entrada, disponibiliza\u00e7\u00e3o de \u00e1lcool em gel e com a exig\u00eancia do uso de m\u00e1scara.<\/p>\n\n\n\n<p>O Parque Natural conta com \u00e1rea de 16,7 hectares com est\u00e1gio avan\u00e7ado de Mata Atl\u00e2ntica. O local oferece um amplo espa\u00e7o de ar puro, tranquilidade, com mesas e bancos dispon\u00edveis para refei\u00e7\u00f5es (por conta da pandemia, grupos maiores de 10 pessoas ter\u00e3o que avisar com anteced\u00eancia a visita) e outras atividades. O telefone de contato \u00e9 o (24) 2246-9234.<\/p>\n\n\n\n<p>O local est\u00e1 registrado no Cadastro Nacional de Unidades de Conserva\u00e7\u00e3o do Minist\u00e9rio do Meio Ambiente. Pertence ao Mosaico da Mata Atl\u00e2ntica Central Fluminense. Est\u00e1 inserido na APA-Petr\u00f3polis e na Reserva da Biosfera da Mata Atl\u00e2ntica.<\/p>\n\n\n\n<p>\u201cO Parque Natural \u00e9 um espa\u00e7o importante de preserva\u00e7\u00e3o e que oferece essa possibilidade de integra\u00e7\u00e3o com os moradores da cidade, que podem contemplar um local como esse\u201d, explicou Edmardo Campbell, secret\u00e1rio de Meio Ambiente.<\/p>\n\n\n\n<p><\/p>\n","protected":false},"excerpt":{"rendered":"<p>O hor\u00e1rio de funcionamento do espa\u00e7o \u00e9 de segunda a domingo, de 8h30 \u00e0s 17h30.<\/p>\n","protected":false},"author":2,"featured_media":10487,"comment_status":"open","ping_status":"open","sticky":false,"template":"","format":"standard","meta":{"footnotes":""},"categories":[12],"tags":[],"class_list":["post-10486","post","type-post","status-publish","format-standard","has-post-thumbnail","hentry","category-cidade"],"_links":{"self":[{"href":"https:\/\/tvc16.com\/portal\/wp-json\/wp\/v2\/posts\/10486","targetHints":{"allow":["GET"]}}],"collection":[{"href":"https:\/\/tvc16.com\/portal\/wp-json\/wp\/v2\/posts"}],"about":[{"href":"https:\/\/tvc16.com\/portal\/wp-json\/wp\/v2\/types\/post"}],"author":[{"embeddable":true,"href":"https:\/\/tvc16.com\/portal\/wp-json\/wp\/v2\/users\/2"}],"replies":[{"embeddable":true,"href":"https:\/\/tvc16.com\/portal\/wp-json\/wp\/v2\/comments?post=10486"}],"version-history":[{"count":1,"href":"https:\/\/tvc16.com\/portal\/wp-json\/wp\/v2\/posts\/10486\/revisions"}],"predecessor-version":[{"id":10488,"href":"https:\/\/tvc16.com\/portal\/wp-json\/wp\/v2\/posts\/10486\/revisions\/10488"}],"wp:featuredmedia":[{"embeddable":true,"href":"https:\/\/tvc16.com\/portal\/wp-json\/wp\/v2\/media\/10487"}],"wp:attachment":[{"href":"https:\/\/tvc16.com\/portal\/wp-json\/wp\/v2\/media?parent=10486"}],"wp:term":[{"taxonomy":"category","embeddable":true,"href":"https:\/\/tvc16.com\/portal\/wp-json\/wp\/v2\/categories?post=10486"},{"taxonomy":"post_tag","embeddable":true,"href":"https:\/\/tvc16.com\/portal\/wp-json\/wp\/v2\/tags?post=10486"}],"curies":[{"name":"wp","href":"https:\/\/api.w.org\/{rel}","templated":true}]}}