{"id":10490,"date":"2021-02-17T20:28:46","date_gmt":"2021-02-17T23:28:46","guid":{"rendered":"https:\/\/tvc16.com\/portal\/?p=10490"},"modified":"2021-02-17T20:28:48","modified_gmt":"2021-02-17T23:28:48","slug":"departamento-de-vigilancia-em-saude-da-secretaria-de-saude-alterou-a-ficha-de-notificacao-dos-pacientes-com-sintomas-do-novo-coronavirus","status":"publish","type":"post","link":"https:\/\/tvc16.com\/portal\/2021\/02\/17\/departamento-de-vigilancia-em-saude-da-secretaria-de-saude-alterou-a-ficha-de-notificacao-dos-pacientes-com-sintomas-do-novo-coronavirus\/","title":{"rendered":"Departamento de Vigil\u00e2ncia em Sa\u00fade, da Secretaria de Sa\u00fade, alterou a ficha de notifica\u00e7\u00e3o dos pacientes com sintomas do novo coronav\u00edrus"},"content":{"rendered":"\n<p>Desde a semana passada, os pacientes atendidos nos pontos de apoio precisam informar se realizaram viagem nos \u00faltimos 30 dias e para qual local. A medida foi tomada para monitorar a chegada de novas variantes no Munic\u00edpio.<\/p>\n\n\n\n<p>\u201cN\u00e3o temos nenhum caso confirmado de novas variantes em Petr\u00f3polis, mas sabemos que o v\u00edrus est\u00e1 circulando pelo pa\u00eds desde outubro. Por isso, inclu\u00edmos a informa\u00e7\u00e3o na ficha que \u00e9 preenchida por todos os pacientes que buscam atendimento nas redes p\u00fablica e privada\u201d, explicou o secret\u00e1rio de Sa\u00fade, Aloisio Barbosa da Silva Filho.<\/p>\n\n\n\n<p>Na manh\u00e3 desta quarta-feira (17), a Secretaria Estadual de Sa\u00fade, negou que um dos quatro casos da nova variante, informados pela Fiocruz, seja de Petr\u00f3polis. O paciente citado como sendo da cidade tem 30 anos e mora h\u00e1 mais de quatro anos no Rio de Janeiro, local onde foi realizado todo o atendimento e onde ele tamb\u00e9m cumpriu o per\u00edodo de isolamento. O homem j\u00e1 morou na cidade serrana, mas n\u00e3o esteve recentemente na cidade.<\/p>\n\n\n\n<p>\u201cApesar disso, \u00e9 importante frisar que, com ou sem a nova variante, o mais importante neste momento \u00e9 manter todos os cuidados. As pessoas n\u00e3o podem agir como se a pandemia tivesse acabado, porque n\u00e3o acabou\u201d, ressaltou o secret\u00e1rio.<\/p>\n\n\n\n<p>Segundo o infectologista Jos\u00e9 Henrique Castrioto, a chegada da nova variante ao estado \u00e9 esperada. \u201cN\u00e3o h\u00e1 motivo para medidas dr\u00e1sticas neste momento. Novas variantes s\u00e3o esperadas e as medidas de prote\u00e7\u00e3o s\u00e3o as mesmas\u201d, disse. Ele lembrou que em dezembro houve um pico no n\u00famero de atendimentos, mas, a partir da\u00ed, houve redu\u00e7\u00e3o significativa. \u201cA rede de sa\u00fade conseguiu atender a demanda e temos, no momento, a situa\u00e7\u00e3o controlada. Temos leitos e a rede de sa\u00fade preparada para o atendimento. Precisamos apenas observar a evolu\u00e7\u00e3o da doen\u00e7a, independente da chegada de novas variantes\u201d, frisou.<\/p>\n\n\n\n<p>Os n\u00fameros de atendimento nos pontos de apoio comprovam que a procura por atendimento Covid-19 est\u00e1 diminuindo. Em dezembro, os dois pontos de apoio que funcionavam (Itaipava e Centro) atenderam 6.423 pacientes. Em janeiro, os tr\u00eas pontos existentes atenderam 4.160 pessoas. Nas primeiras duas semanas de fevereiro, os tr\u00eas pontos atenderam 2.105 pacientes.<\/p>\n\n\n\n<p>O infectologista Marco Liserre alertou que a circula\u00e7\u00e3o do v\u00edrus s\u00f3 ser\u00e1 interrompida quando mais de 70% da popula\u00e7\u00e3o estiver imunizada. \u201cAt\u00e9 l\u00e1, as medidas de prote\u00e7\u00e3o s\u00e3o as mesmas. A popula\u00e7\u00e3o precisa seguir as orienta\u00e7\u00f5es e evitar aglomera\u00e7\u00f5es, usar m\u00e1scaras e higienizar sempre as m\u00e3os\u201d.<\/p>\n\n\n\n<p><\/p>\n","protected":false},"excerpt":{"rendered":"<p>Desde a semana passada, os pacientes atendidos nos pontos de apoio precisam informar se realizaram<\/p>\n","protected":false},"author":2,"featured_media":10491,"comment_status":"open","ping_status":"open","sticky":false,"template":"","format":"standard","meta":{"footnotes":""},"categories":[12],"tags":[],"class_list":["post-10490","post","type-post","status-publish","format-standard","has-post-thumbnail","hentry","category-cidade"],"_links":{"self":[{"href":"https:\/\/tvc16.com\/portal\/wp-json\/wp\/v2\/posts\/10490","targetHints":{"allow":["GET"]}}],"collection":[{"href":"https:\/\/tvc16.com\/portal\/wp-json\/wp\/v2\/posts"}],"about":[{"href":"https:\/\/tvc16.com\/portal\/wp-json\/wp\/v2\/types\/post"}],"author":[{"embeddable":true,"href":"https:\/\/tvc16.com\/portal\/wp-json\/wp\/v2\/users\/2"}],"replies":[{"embeddable":true,"href":"https:\/\/tvc16.com\/portal\/wp-json\/wp\/v2\/comments?post=10490"}],"version-history":[{"count":1,"href":"https:\/\/tvc16.com\/portal\/wp-json\/wp\/v2\/posts\/10490\/revisions"}],"predecessor-version":[{"id":10492,"href":"https:\/\/tvc16.com\/portal\/wp-json\/wp\/v2\/posts\/10490\/revisions\/10492"}],"wp:featuredmedia":[{"embeddable":true,"href":"https:\/\/tvc16.com\/portal\/wp-json\/wp\/v2\/media\/10491"}],"wp:attachment":[{"href":"https:\/\/tvc16.com\/portal\/wp-json\/wp\/v2\/media?parent=10490"}],"wp:term":[{"taxonomy":"category","embeddable":true,"href":"https:\/\/tvc16.com\/portal\/wp-json\/wp\/v2\/categories?post=10490"},{"taxonomy":"post_tag","embeddable":true,"href":"https:\/\/tvc16.com\/portal\/wp-json\/wp\/v2\/tags?post=10490"}],"curies":[{"name":"wp","href":"https:\/\/api.w.org\/{rel}","templated":true}]}}