{"id":10493,"date":"2021-02-17T20:36:04","date_gmt":"2021-02-17T23:36:04","guid":{"rendered":"https:\/\/tvc16.com\/portal\/?p=10493"},"modified":"2021-02-17T20:36:06","modified_gmt":"2021-02-17T23:36:06","slug":"prefeitura-reforcou-junto-as-equipes-da-secretaria-de-saude-os-protocolos-a-serem-seguidos-na-vacinacao-contra-o-coronavirus-para-garantir-a-transparencia-na-aplicacao-das-doses","status":"publish","type":"post","link":"https:\/\/tvc16.com\/portal\/2021\/02\/17\/prefeitura-reforcou-junto-as-equipes-da-secretaria-de-saude-os-protocolos-a-serem-seguidos-na-vacinacao-contra-o-coronavirus-para-garantir-a-transparencia-na-aplicacao-das-doses\/","title":{"rendered":"Prefeitura refor\u00e7ou junto \u00e0s equipes da Secretaria de Sa\u00fade os protocolos a serem seguidos na vacina\u00e7\u00e3o contra o coronav\u00edrus para garantir a transpar\u00eancia na aplica\u00e7\u00e3o das doses"},"content":{"rendered":"\n<p>O vacinado e\/ou familiar tem o direito de acompanhar a aspira\u00e7\u00e3o na \u00e1rea pr\u00f3xima da caixa t\u00e9rmica onde as vacinas ficam armazenadas. Tamb\u00e9m \u00e9 permitido registrar, seja em v\u00eddeo ou foto, o momento da aplica\u00e7\u00e3o. Tanto o profissional quanto o vacinado devem, ainda, conferir a seringa antes e tamb\u00e9m depois da aplica\u00e7\u00e3o. Em caso de d\u00favida, a popula\u00e7\u00e3o pode, ainda, acionar o supervisor das equipes, presente em cada um dos pontos de vacina\u00e7\u00e3o.<\/p>\n\n\n\n<p>&#8220;O mais importante \u00e9 garantir a transpar\u00eancia em todo o trabalho. Isso dar\u00e1 seguran\u00e7a tanto para o profissional, seja enfermeiro ou t\u00e9cnico de enfermagem, quanto para a pessoa que for tomar a vacina. Neste momento estamos vacinando idosos com mais de 90 anos e esperamos anunciar as pr\u00f3ximas etapas nos pr\u00f3ximos dias. \u00c9 importante frisar que dependemos da chegada de novas remessas para organizarmos este calend\u00e1rio&#8221;, explicou o prefeito interino Hingo Hammes.<\/p>\n\n\n\n<p>Nesta quarta-feira (17), as equipes da Secretaria de Sa\u00fade continuaram os trabalhos em dois pontos fixos montados na UCP, na Rua Benjamin Constant, no Centro, e no Parque Municipal, em Itaipava. Os dois locais, que tamb\u00e9m funcionam no sistema drive thru, ficam abertos das 9h \u00e0s 16h. Esse p\u00fablico ser\u00e1 atendido at\u00e9 o pr\u00f3ximo s\u00e1bado (20). Al\u00e9m disso, tamb\u00e9m est\u00e3o sendo vacinados acamados acima de 60 anos e idosos com dificuldade de locomo\u00e7\u00e3o que sejam cadastrados nos Postos de Sa\u00fade da Fam\u00edlia com estrat\u00e9gia de sa\u00fade da fam\u00edlia.<\/p>\n\n\n\n<p>Segundo o secret\u00e1rio de Sa\u00fade, Aloisio Barbosa Filho, \u00e9 importante que o acompanhante esteja atento e registre o momento da vacina\u00e7\u00e3o. &#8220;O respons\u00e1vel pela aplica\u00e7\u00e3o se certifica, antes da aplica\u00e7\u00e3o e na presen\u00e7a do vacinado, que a seringa est\u00e1 com a dose. Ap\u00f3s a aplica\u00e7\u00e3o, ainda na frente do vacinado, o profissional vai mostrar que a seringa est\u00e1 vazia. Por \u00faltimo, a equipe deve informar, no cart\u00e3o de vacina, qual a vacina aplicada e a data de retorno para segunda dose&#8221;, explicou.<\/p>\n\n\n\n<p>O protocolo inclui ainda a triagem do paciente para coleta dos dados para registro nominal da vacina. Neste momento tamb\u00e9m \u00e9 verificado o estado de sa\u00fade do paciente. \u201cO paciente que apresentar sintomas da Covid-19 ou que tiver contra\u00eddo a doen\u00e7a nos \u00faltimos 30 dias n\u00e3o poder\u00e3o ser vacinados, assim como quem n\u00e3o estiver dentro do perfil estipulado em cada etapa anunciada\u201d, explicou a chefe de imuniza\u00e7\u00e3o, Simone Sisnando.<\/p>\n\n\n\n<p>Em seguida, a t\u00e9cnica de enfermagem far\u00e1 a higieniza\u00e7\u00e3o das m\u00e3os com \u00e1lcool 70% e far\u00e1 o manuseio da vacina verificando sempre a manuten\u00e7\u00e3o da temperatura da caixa t\u00e9rmica onde ficam armazenadas as doses, seguindo a orienta\u00e7\u00e3o do Programa Nacional de Imuniza\u00e7\u00e3o (PNI). No caso dos frascos multidoses, ap\u00f3s a aspira\u00e7\u00e3o da vacina, ele volta imediatamente para dentro da caixa e a dose deve ser prontamente ministrada na pessoa.<\/p>\n\n\n\n<p>\u201cO importante \u00e9 n\u00e3o deixar a vacina exposta \u00e0 temperatura ambiente para que n\u00e3o sofra nenhuma altera\u00e7\u00e3o e mantenha a qualidade. Como as aplica\u00e7\u00f5es n\u00e3o est\u00e3o sendo realizadas em ambiente controlado e climatizado, recomendamos cuidado neste manuseio. A aspira\u00e7\u00e3o deve ser feita em \u00e1rea pr\u00f3xima \u00e0 caixa t\u00e9rmica e sem exposi\u00e7\u00e3o ao sol\u201d, disse Sisnando, esclarecendo que, ap\u00f3s o uso, a seringa \u00e9 descartada em recipiente pr\u00f3prio.<\/p>\n\n\n\n<p>Este recipiente \u00e9 levado para a Epidemiologia antes de ser descartado corretamente.<\/p>\n","protected":false},"excerpt":{"rendered":"<p>O vacinado e\/ou familiar tem o direito de acompanhar a aspira\u00e7\u00e3o na \u00e1rea pr\u00f3xima da<\/p>\n","protected":false},"author":2,"featured_media":10494,"comment_status":"open","ping_status":"open","sticky":false,"template":"","format":"standard","meta":{"footnotes":""},"categories":[12],"tags":[],"class_list":["post-10493","post","type-post","status-publish","format-standard","has-post-thumbnail","hentry","category-cidade"],"_links":{"self":[{"href":"https:\/\/tvc16.com\/portal\/wp-json\/wp\/v2\/posts\/10493","targetHints":{"allow":["GET"]}}],"collection":[{"href":"https:\/\/tvc16.com\/portal\/wp-json\/wp\/v2\/posts"}],"about":[{"href":"https:\/\/tvc16.com\/portal\/wp-json\/wp\/v2\/types\/post"}],"author":[{"embeddable":true,"href":"https:\/\/tvc16.com\/portal\/wp-json\/wp\/v2\/users\/2"}],"replies":[{"embeddable":true,"href":"https:\/\/tvc16.com\/portal\/wp-json\/wp\/v2\/comments?post=10493"}],"version-history":[{"count":1,"href":"https:\/\/tvc16.com\/portal\/wp-json\/wp\/v2\/posts\/10493\/revisions"}],"predecessor-version":[{"id":10495,"href":"https:\/\/tvc16.com\/portal\/wp-json\/wp\/v2\/posts\/10493\/revisions\/10495"}],"wp:featuredmedia":[{"embeddable":true,"href":"https:\/\/tvc16.com\/portal\/wp-json\/wp\/v2\/media\/10494"}],"wp:attachment":[{"href":"https:\/\/tvc16.com\/portal\/wp-json\/wp\/v2\/media?parent=10493"}],"wp:term":[{"taxonomy":"category","embeddable":true,"href":"https:\/\/tvc16.com\/portal\/wp-json\/wp\/v2\/categories?post=10493"},{"taxonomy":"post_tag","embeddable":true,"href":"https:\/\/tvc16.com\/portal\/wp-json\/wp\/v2\/tags?post=10493"}],"curies":[{"name":"wp","href":"https:\/\/api.w.org\/{rel}","templated":true}]}}