{"id":10496,"date":"2021-02-17T20:44:29","date_gmt":"2021-02-17T23:44:29","guid":{"rendered":"https:\/\/tvc16.com\/portal\/?p=10496"},"modified":"2021-02-17T20:44:31","modified_gmt":"2021-02-17T23:44:31","slug":"em-petropolis-mais-quatro-obitos-relacionados-a-covid-19-eleva-para-531-o-numero-de-mortos-no-municipio","status":"publish","type":"post","link":"https:\/\/tvc16.com\/portal\/2021\/02\/17\/em-petropolis-mais-quatro-obitos-relacionados-a-covid-19-eleva-para-531-o-numero-de-mortos-no-municipio\/","title":{"rendered":"Em Petr\u00f3polis, mais quatro \u00f3bitos relacionados a Covid-19, eleva para 531 o n\u00famero de mortos no munic\u00edpio"},"content":{"rendered":"\n<p>Neste momento, 59 pessoas est\u00e3o internadas em leitos de UTI privados e pelo SUS. Outras 57 est\u00e3o em leitos cl\u00ednicos privados e pelo SUS, totalizando 116 interna\u00e7\u00f5es em toda a rede da Cidade. A ocupa\u00e7\u00e3o de leitos cl\u00ednicos pelo SUS \u00e9 de 47,27% e de 39,36% em leitos de UTI.<\/p>\n\n\n\n<p>Acrescenta, ainda, que trabalha na atualiza\u00e7\u00e3o de dados de notifica\u00e7\u00f5es e casos em an\u00e1lise no sistema, inserindo dados n\u00e3o lan\u00e7ados no fim do ano. \u00c9 poss\u00edvel acompanhar a evolu\u00e7\u00e3o dos casos no portal da transpar\u00eancia do coronav\u00edrus, no site da Prefeitura (www.petropolis.gov.br).<\/p>\n\n\n\n<p><em>Rela\u00e7\u00e3o de \u00f3bitos:<\/em><\/p>\n\n\n\n<p>Homem, 67 anos, morador do Roseiral. Internado em 08\/01 no SMH. \u00d3bito registrado em 16\/01. Paciente possu\u00eda hipertens\u00e3o arterial e doen\u00e7a pulmonar obstrutiva cr\u00f4nica.<\/p>\n\n\n\n<p>Mulher, 75 anos, moradora do Esperan\u00e7a. Internada em 16\/01 na UPA Cascatinha. \u00d3bito registrado em 09\/02. Paciente possu\u00eda hipertens\u00e3o arterial e obesidade.<\/p>\n\n\n\n<p>Homem, 76 anos, morador do Quitandinha. Internado em 01\/09 no Hospital Santa Teresa. \u00d3bito registrado em 03\/02. Paciente possu\u00eda doen\u00e7a cardiovascular cr\u00f4nica e diabetes.<\/p>\n\n\n\n<p>Mulher, 80 anos, moradora da Estrada da Saudade. Internada em 03\/02 no Hospital Unimed. \u00d3bito registrado em 12\/02. Paciente possu\u00eda hipertens\u00e3o arterial e diabetes.<\/p>\n","protected":false},"excerpt":{"rendered":"<p>Neste momento, 59 pessoas est\u00e3o internadas em leitos de UTI privados e pelo SUS. Outras<\/p>\n","protected":false},"author":2,"featured_media":10497,"comment_status":"open","ping_status":"open","sticky":false,"template":"","format":"standard","meta":{"footnotes":""},"categories":[12],"tags":[],"class_list":["post-10496","post","type-post","status-publish","format-standard","has-post-thumbnail","hentry","category-cidade"],"_links":{"self":[{"href":"https:\/\/tvc16.com\/portal\/wp-json\/wp\/v2\/posts\/10496","targetHints":{"allow":["GET"]}}],"collection":[{"href":"https:\/\/tvc16.com\/portal\/wp-json\/wp\/v2\/posts"}],"about":[{"href":"https:\/\/tvc16.com\/portal\/wp-json\/wp\/v2\/types\/post"}],"author":[{"embeddable":true,"href":"https:\/\/tvc16.com\/portal\/wp-json\/wp\/v2\/users\/2"}],"replies":[{"embeddable":true,"href":"https:\/\/tvc16.com\/portal\/wp-json\/wp\/v2\/comments?post=10496"}],"version-history":[{"count":1,"href":"https:\/\/tvc16.com\/portal\/wp-json\/wp\/v2\/posts\/10496\/revisions"}],"predecessor-version":[{"id":10498,"href":"https:\/\/tvc16.com\/portal\/wp-json\/wp\/v2\/posts\/10496\/revisions\/10498"}],"wp:featuredmedia":[{"embeddable":true,"href":"https:\/\/tvc16.com\/portal\/wp-json\/wp\/v2\/media\/10497"}],"wp:attachment":[{"href":"https:\/\/tvc16.com\/portal\/wp-json\/wp\/v2\/media?parent=10496"}],"wp:term":[{"taxonomy":"category","embeddable":true,"href":"https:\/\/tvc16.com\/portal\/wp-json\/wp\/v2\/categories?post=10496"},{"taxonomy":"post_tag","embeddable":true,"href":"https:\/\/tvc16.com\/portal\/wp-json\/wp\/v2\/tags?post=10496"}],"curies":[{"name":"wp","href":"https:\/\/api.w.org\/{rel}","templated":true}]}}