{"id":10499,"date":"2021-02-17T21:04:04","date_gmt":"2021-02-18T00:04:04","guid":{"rendered":"https:\/\/tvc16.com\/portal\/?p=10499"},"modified":"2021-02-17T21:04:07","modified_gmt":"2021-02-18T00:04:07","slug":"pgr-denuncia-ao-stf-deputado-daniel-silveira-preso-pela-policia-federal-em-petropolis","status":"publish","type":"post","link":"https:\/\/tvc16.com\/portal\/2021\/02\/17\/pgr-denuncia-ao-stf-deputado-daniel-silveira-preso-pela-policia-federal-em-petropolis\/","title":{"rendered":"PGR denuncia ao STF deputado Daniel Silveira preso, pela Pol\u00edcia Federal, em Petr\u00f3polis"},"content":{"rendered":"\n<p>O deputado corre o risco tamb\u00e9m, de ser expulso do seu partido,  o PSL <\/p>\n\n\n\n<p>Na tarde desta quarta-feira, o Supremo Tribunal  Federal confirmou por unanimidade (11 votos a 0) a pris\u00e3o do deputado Daniel Silveira por unanimidade. O parlamentar foi detido ap\u00f3s v\u00eddeo com apologia ao AI-5 e ao fechamento do Supremo; as duas pautas s\u00e3o inconstitucionais.<\/p>\n\n\n\n<p>Ap\u00f3s a decis\u00e3o do STF, a Procuradoria-Geral da Rep\u00fablica denunciou ao\u00a0Supremo Tribunal Federal, o deputado federal Daniel Silveira (PSL-RJ), sob a acusa\u00e7\u00e3o de agredir verbalmente e amea\u00e7ar ministros da Corte, incitar a viol\u00eancia, tentar impedir o livre exerc\u00edcio dos poderes Legislativo e Judici\u00e1rio e estimular a animosidade entre as For\u00e7as Armadas e o STF.<\/p>\n\n\n\n<p>A den\u00fancia \u00e9 uma acusa\u00e7\u00e3o formal feita na Justi\u00e7a que, se recebida, torna r\u00e9u o investigado e d\u00e1 in\u00edcio a uma a\u00e7\u00e3o penal. Como o deputado tem foro privilegiado, cabe ao Supremo analisar o caso.<\/p>\n\n\n\n<p>Como prev\u00ea a Constitui\u00e7\u00e3o, o caso deve ser analisado pela C\u00e2mara dos Deputados, a quem caber\u00e1 resolver sobre a pris\u00e3o do deputado Daniel  Silveira.<\/p>\n","protected":false},"excerpt":{"rendered":"<p>O deputado corre o risco tamb\u00e9m, de ser expulso do seu partido, o PSL Na<\/p>\n","protected":false},"author":2,"featured_media":10500,"comment_status":"open","ping_status":"open","sticky":false,"template":"","format":"standard","meta":{"footnotes":""},"categories":[12],"tags":[],"class_list":["post-10499","post","type-post","status-publish","format-standard","has-post-thumbnail","hentry","category-cidade"],"_links":{"self":[{"href":"https:\/\/tvc16.com\/portal\/wp-json\/wp\/v2\/posts\/10499","targetHints":{"allow":["GET"]}}],"collection":[{"href":"https:\/\/tvc16.com\/portal\/wp-json\/wp\/v2\/posts"}],"about":[{"href":"https:\/\/tvc16.com\/portal\/wp-json\/wp\/v2\/types\/post"}],"author":[{"embeddable":true,"href":"https:\/\/tvc16.com\/portal\/wp-json\/wp\/v2\/users\/2"}],"replies":[{"embeddable":true,"href":"https:\/\/tvc16.com\/portal\/wp-json\/wp\/v2\/comments?post=10499"}],"version-history":[{"count":1,"href":"https:\/\/tvc16.com\/portal\/wp-json\/wp\/v2\/posts\/10499\/revisions"}],"predecessor-version":[{"id":10501,"href":"https:\/\/tvc16.com\/portal\/wp-json\/wp\/v2\/posts\/10499\/revisions\/10501"}],"wp:featuredmedia":[{"embeddable":true,"href":"https:\/\/tvc16.com\/portal\/wp-json\/wp\/v2\/media\/10500"}],"wp:attachment":[{"href":"https:\/\/tvc16.com\/portal\/wp-json\/wp\/v2\/media?parent=10499"}],"wp:term":[{"taxonomy":"category","embeddable":true,"href":"https:\/\/tvc16.com\/portal\/wp-json\/wp\/v2\/categories?post=10499"},{"taxonomy":"post_tag","embeddable":true,"href":"https:\/\/tvc16.com\/portal\/wp-json\/wp\/v2\/tags?post=10499"}],"curies":[{"name":"wp","href":"https:\/\/api.w.org\/{rel}","templated":true}]}}