{"id":10505,"date":"2021-02-18T08:20:41","date_gmt":"2021-02-18T11:20:41","guid":{"rendered":"https:\/\/tvc16.com\/portal\/?p=10505"},"modified":"2021-02-18T08:20:44","modified_gmt":"2021-02-18T11:20:44","slug":"pre-selecionados-na-segunda-chamada-do-prouni-tem-ate-dia-24-para-fazer-a-matricula","status":"publish","type":"post","link":"https:\/\/tvc16.com\/portal\/2021\/02\/18\/pre-selecionados-na-segunda-chamada-do-prouni-tem-ate-dia-24-para-fazer-a-matricula\/","title":{"rendered":"Pr\u00e9-selecionados na segunda chamada do Prouni t\u00eam at\u00e9 dia 24 para fazer a matr\u00edcula"},"content":{"rendered":"\n<p>Para aqueles que n\u00e3o foram aprovados nas chamadas regulares, o programa oferece ainda a oportunidade de participar da lista de espera<\/p>\n\n\n\n<p>Os candidatos pr\u00e9-selecionados na segunda chamada do Programa Universidade para Todos (Prouni), para o primeiro semestre deste ano, t\u00eam at\u00e9 o dia 24 de fevereiro para comparecer \u00e0s institui\u00e7\u00f5es de ensino para confirmar as informa\u00e7\u00f5es declaradas na inscri\u00e7\u00e3o e fazer a matr\u00edcula. A lista com o nome dos selecionados, bem como o cronograma do programa, pode ser acessada por meio do site do Prouni.<\/p>\n\n\n\n<p>Para aqueles que n\u00e3o foram selecionados nas chamadas regulares, o programa oferece ainda a oportunidade de participar da lista de espera. Para isso, o estudante deve manifestar essa inten\u00e7\u00e3o pelo site nos dias 1\u00ba e 2 de mar\u00e7o. A divulga\u00e7\u00e3o do resultado da lista de espera sai em 5 de mar\u00e7o e as matr\u00edculas dever\u00e3o ser realizadas entre 8 e 12 de mar\u00e7o.<\/p>\n\n\n\n<p>Neste ano, o programa oferece bolsas para 13.117 cursos em 1.031 institui\u00e7\u00f5es de ensino, localizadas em todos os estados e no Distrito Federal. S\u00e3o mais de 162 mil bolsas ofertadas, sendo 52.839 para cursos na modalidade de educa\u00e7\u00e3o \u00e0 dist\u00e2ncia.<\/p>\n\n\n\n<p>Fonte: <a href=\"https:\/\/brasil61.com\/noticias\/pre-selecionados-na-segunda-chamada-do-prouni-tem-ate-dia-24-para-fazer-a-matricula-bras213843?email=bethdeoliveira@yahoo.com.br&amp;utm_source=newsletter&amp;utm_medium=newsletter&amp;utm_campaign=newsletter\" target=\"_blank\" rel=\"noreferrer noopener\">Brasil 61<\/a><\/p>\n","protected":false},"excerpt":{"rendered":"<p>Para aqueles que n\u00e3o foram aprovados nas chamadas regulares, o programa oferece ainda a oportunidade<\/p>\n","protected":false},"author":2,"featured_media":10506,"comment_status":"open","ping_status":"open","sticky":false,"template":"","format":"standard","meta":{"footnotes":""},"categories":[17],"tags":[],"class_list":["post-10505","post","type-post","status-publish","format-standard","has-post-thumbnail","hentry","category-outras-noticias"],"_links":{"self":[{"href":"https:\/\/tvc16.com\/portal\/wp-json\/wp\/v2\/posts\/10505","targetHints":{"allow":["GET"]}}],"collection":[{"href":"https:\/\/tvc16.com\/portal\/wp-json\/wp\/v2\/posts"}],"about":[{"href":"https:\/\/tvc16.com\/portal\/wp-json\/wp\/v2\/types\/post"}],"author":[{"embeddable":true,"href":"https:\/\/tvc16.com\/portal\/wp-json\/wp\/v2\/users\/2"}],"replies":[{"embeddable":true,"href":"https:\/\/tvc16.com\/portal\/wp-json\/wp\/v2\/comments?post=10505"}],"version-history":[{"count":1,"href":"https:\/\/tvc16.com\/portal\/wp-json\/wp\/v2\/posts\/10505\/revisions"}],"predecessor-version":[{"id":10507,"href":"https:\/\/tvc16.com\/portal\/wp-json\/wp\/v2\/posts\/10505\/revisions\/10507"}],"wp:featuredmedia":[{"embeddable":true,"href":"https:\/\/tvc16.com\/portal\/wp-json\/wp\/v2\/media\/10506"}],"wp:attachment":[{"href":"https:\/\/tvc16.com\/portal\/wp-json\/wp\/v2\/media?parent=10505"}],"wp:term":[{"taxonomy":"category","embeddable":true,"href":"https:\/\/tvc16.com\/portal\/wp-json\/wp\/v2\/categories?post=10505"},{"taxonomy":"post_tag","embeddable":true,"href":"https:\/\/tvc16.com\/portal\/wp-json\/wp\/v2\/tags?post=10505"}],"curies":[{"name":"wp","href":"https:\/\/api.w.org\/{rel}","templated":true}]}}