{"id":10508,"date":"2021-02-18T08:29:25","date_gmt":"2021-02-18T11:29:25","guid":{"rendered":"https:\/\/tvc16.com\/portal\/?p=10508"},"modified":"2021-02-18T08:31:45","modified_gmt":"2021-02-18T11:31:45","slug":"identificadas-no-estado-do-rio-de-janeiro-duas-variantes-a-voc-202012-01-linhagem-b-1-1-7-notificada-pelas-autoridades-do-reino-unido-a-oms-e-a-variante-p-1-linhagem-b-1-1-28-considerada-um-tipo","status":"publish","type":"post","link":"https:\/\/tvc16.com\/portal\/2021\/02\/18\/identificadas-no-estado-do-rio-de-janeiro-duas-variantes-a-voc-202012-01-linhagem-b-1-1-7-notificada-pelas-autoridades-do-reino-unido-a-oms-e-a-variante-p-1-linhagem-b-1-1-28-considerada-um-tipo\/","title":{"rendered":"Identificadas no Estado do Rio de Janeiro duas variantes: a VOC 202012\/01, linhagem B.1.1.7, notificada pelas autoridades do Reino Unido \u00e0 OMS; e a Variante P.1, linhagem B.1.1.28, considerada um tipo de muta\u00e7\u00e3o brasileira"},"content":{"rendered":"\n<p>A Secretaria de Estado de Sa\u00fade (SES) realizou entrevista coletiva, nesta quarta-feira, para esclarecer o que se sabe, at\u00e9 o momento, das novas variantes do coronav\u00edrus identificadas por exames realizados pela Funda\u00e7\u00e3o Oswaldo Cruz (Fiocruz) em pacientes atendidos no Estado do Rio de Janeiro. S\u00e3o cinco casos confirmados, sendo um com a variante oriunda do Reino Unido e os outros quatro, com a variante de Manaus. O secret\u00e1rio de Estado de Sa\u00fade, Carlos Alberto Chaves, o secret\u00e1rio municipal de Sa\u00fade do Rio, Daniel Soranz, e a equipe da Subsecretaria de Vigil\u00e2ncia em Sa\u00fade da SES esclareceram que a chegada dessas muta\u00e7\u00f5es do v\u00edrus ao estado j\u00e1 era esperada e as investiga\u00e7\u00f5es epidemiol\u00f3gicas dos cinco casos est\u00e3o em andamento. Ap\u00f3s a conclus\u00e3o desse estudo, ser\u00e1 poss\u00edvel afirmar se essas variantes est\u00e3o ou n\u00e3o em circula\u00e7\u00e3o no Rio de Janeiro.<\/p>\n\n\n\n<p>&#8211; Fomos surpreendidos, na tarde desta ter\u00e7a-feira, com a informa\u00e7\u00e3o na imprensa. O ideal \u00e9 que uma nota t\u00e9cnica tivesse sido elaborada, envolvendo os tr\u00eas entes federativos, para o melhor esclarecimento a todos, e o repasse de informa\u00e7\u00f5es precisas sobre a investiga\u00e7\u00e3o epidemiol\u00f3gica destes casos. Contudo, o que importa \u00e9 que a SES est\u00e1 trabalhando, de forma \u00e9tica e t\u00e9cnica, e mantendo contato direto com os 92 munic\u00edpios para intensificar as medidas preventivas e de rastreio de cont\u00e1gio. E refor\u00e7o que a popula\u00e7\u00e3o deve manter os cuidados recomendados, como o uso de m\u00e1scara e \u00e1lcool 70, assim como o distanciamento social &#8211; afirmou o secret\u00e1rio de Estado de Sa\u00fade, Carlos Alberto Chaves.<\/p>\n\n\n\n<p>At\u00e9 o momento, foram identificadas no estado do Rio de Janeiro duas variantes: a VOC 202012\/01, linhagem B.1.1.7, notificada pelas autoridades do Reino Unido \u00e0 Organiza\u00e7\u00e3o Mundial da Sa\u00fade; e a Variante P.1, linhagem B.1.1.28, considerada um tipo de muta\u00e7\u00e3o brasileira. Mundialmente, h\u00e1 outra variante em investiga\u00e7\u00e3o, sem casos confirmados no estado.<\/p>\n\n\n\n<p>&#8211; A chegada de variantes da Covid-19 j\u00e1 era esperada, inclusive, uma Nota T\u00e9cnica sobre o tema j\u00e1 havia sido enviada aos munic\u00edpios, no in\u00edcio do m\u00eas, com recomenda\u00e7\u00f5es. O que precisa ser destacado \u00e9 que n\u00e3o se pode ainda afirmar que os casos s\u00e3o aut\u00f3ctones (contra\u00eddos no pr\u00f3prio munic\u00edpio) ou importados. Sendo assim, a identifica\u00e7\u00e3o dessas muta\u00e7\u00f5es n\u00e3o pode ser associada com a transfer\u00eancia de pacientes de outros estados &#8211; esclareceu o superintendente de Vigil\u00e2ncia Epidemiol\u00f3gica da Secretaria de Sa\u00fade, M\u00e1rio S\u00e9rgio Ribeiro.<\/p>\n\n\n\n<p>Estudos apontam que, neste momento, n\u00e3o h\u00e1 evid\u00eancia cient\u00edfica de que as novas cepas identificadas no estado do Rio de Janeiro provoquem casos mais graves de Covid-19. No entanto, j\u00e1 se sabe que essas variantes se disseminam com maior facilidade.<\/p>\n\n\n\n<p>&#8211; A avalia\u00e7\u00e3o de cada um dos casos de forma espec\u00edfica, abrangendo hist\u00f3rico de viagem e outras informa\u00e7\u00f5es, vai possibilitar definir se temos a efetiva circula\u00e7\u00e3o do v\u00edrus no estado ou se s\u00e3o casos isolados. A partir disso, poderemos avaliar a adequa\u00e7\u00e3o das a\u00e7\u00f5es, caso haja necessidade. A princ\u00edpio, a muta\u00e7\u00e3o que deu origem \u00e0 nova linhagem n\u00e3o interfere na efic\u00e1cia das vacinas que est\u00e3o sendo aplicadas na popula\u00e7\u00e3o, o que est\u00e1 sendo monitorado pelos fabricantes &#8211; pontuou o m\u00e9dico da Subsecretaria de Vigil\u00e2ncia em Sa\u00fade (SVS) Alexandre Chieppe.<\/p>\n\n\n\n<p>Em paralelo, o estado do Rio de Janeiro j\u00e1 participa de um programa de monitoramento de variantes da Covid-19, organizado pelo Minist\u00e9rio da Sa\u00fade. H\u00e1 quatro semanas, tem sido feito o envio de amostras para an\u00e1lise &#8211; das 12 enviadas at\u00e9 o momento para o laborat\u00f3rio contratado em Minas Gerais, ainda n\u00e3o h\u00e1 resultados.<\/p>\n\n\n\n<p>&#8211; Tamb\u00e9m est\u00e1 em andamento o sequenciamento gen\u00e9tico das amostras colhidas nos 58 pacientes oriundos do Amazonas e dos cinco vindos de Rond\u00f4nia com Covid-19. Estamos atuando para que seja dada a esses pacientes a melhor assist\u00eancia, minimizando riscos aos profissionais da sa\u00fade e \u00e0 popula\u00e7\u00e3o fluminense &#8211; disse a subsecret\u00e1ria de Vigil\u00e2ncia em Sa\u00fade da SES, Cl\u00e1udia Mello.<\/p>\n\n\n\n<p><strong>Vacina\u00e7\u00e3o&nbsp;<\/strong>&#8211; Questionados sobre a campanha de vacina\u00e7\u00e3o, os secret\u00e1rios Carlos Alberto Chaves e Daniel Soranz confirmaram que as vacinas dispon\u00edveis para a segunda dose est\u00e3o reservadas para serem utilizadas no tempo oportuno, completando o calend\u00e1rio vacinal das pessoas que j\u00e1 receberam a primeira dose do imunizante. Na sexta-feira (19.02), esses lotes come\u00e7am a ser enviados aos 92 munic\u00edpios do estado.<\/p>\n\n\n\n<p>N\u00e3o h\u00e1 notifica\u00e7\u00e3o oficial do Minist\u00e9rio da Sa\u00fade quanto ao envio de nova remessa de vacinas para o Rio de Janeiro.<\/p>\n","protected":false},"excerpt":{"rendered":"<p>A Secretaria de Estado de Sa\u00fade (SES) realizou entrevista coletiva, nesta quarta-feira, para esclarecer o<\/p>\n","protected":false},"author":2,"featured_media":10512,"comment_status":"open","ping_status":"open","sticky":false,"template":"","format":"standard","meta":{"footnotes":""},"categories":[17],"tags":[],"class_list":["post-10508","post","type-post","status-publish","format-standard","has-post-thumbnail","hentry","category-outras-noticias"],"_links":{"self":[{"href":"https:\/\/tvc16.com\/portal\/wp-json\/wp\/v2\/posts\/10508","targetHints":{"allow":["GET"]}}],"collection":[{"href":"https:\/\/tvc16.com\/portal\/wp-json\/wp\/v2\/posts"}],"about":[{"href":"https:\/\/tvc16.com\/portal\/wp-json\/wp\/v2\/types\/post"}],"author":[{"embeddable":true,"href":"https:\/\/tvc16.com\/portal\/wp-json\/wp\/v2\/users\/2"}],"replies":[{"embeddable":true,"href":"https:\/\/tvc16.com\/portal\/wp-json\/wp\/v2\/comments?post=10508"}],"version-history":[{"count":1,"href":"https:\/\/tvc16.com\/portal\/wp-json\/wp\/v2\/posts\/10508\/revisions"}],"predecessor-version":[{"id":10510,"href":"https:\/\/tvc16.com\/portal\/wp-json\/wp\/v2\/posts\/10508\/revisions\/10510"}],"wp:featuredmedia":[{"embeddable":true,"href":"https:\/\/tvc16.com\/portal\/wp-json\/wp\/v2\/media\/10512"}],"wp:attachment":[{"href":"https:\/\/tvc16.com\/portal\/wp-json\/wp\/v2\/media?parent=10508"}],"wp:term":[{"taxonomy":"category","embeddable":true,"href":"https:\/\/tvc16.com\/portal\/wp-json\/wp\/v2\/categories?post=10508"},{"taxonomy":"post_tag","embeddable":true,"href":"https:\/\/tvc16.com\/portal\/wp-json\/wp\/v2\/tags?post=10508"}],"curies":[{"name":"wp","href":"https:\/\/api.w.org\/{rel}","templated":true}]}}