{"id":10513,"date":"2021-02-18T08:45:52","date_gmt":"2021-02-18T11:45:52","guid":{"rendered":"https:\/\/tvc16.com\/portal\/?p=10513"},"modified":"2021-02-18T08:45:54","modified_gmt":"2021-02-18T11:45:54","slug":"operacao-lei-seca-flagra-mais-de-200-motoristas-embriagados-ao-todo-foram-abordados-1-333-motoristas-e-destes-207-tinham-sinais-de-embriaguez-o-que-representa-156-do-total-de-abordagens","status":"publish","type":"post","link":"https:\/\/tvc16.com\/portal\/2021\/02\/18\/operacao-lei-seca-flagra-mais-de-200-motoristas-embriagados-ao-todo-foram-abordados-1-333-motoristas-e-destes-207-tinham-sinais-de-embriaguez-o-que-representa-156-do-total-de-abordagens\/","title":{"rendered":"Opera\u00e7\u00e3o Lei Seca flagra mais de 200 motoristas embriagados. Ao todo foram abordados 1.333 motoristas e destes, 207 tinham sinais de embriaguez, o que representa 15,6% do total de abordagens"},"content":{"rendered":"\n<p><\/p>\n\n\n\n<p>Durante o feriado prolongado de Carnaval, a\u00a0Opera\u00e7\u00e3o\u00a0Lei\u00a0Seca refor\u00e7ou as a\u00e7\u00f5es de conscientiza\u00e7\u00e3o e fiscaliza\u00e7\u00e3o, com um esquema especial durante o dia e \u00e0 noite em todo o estado. <\/p>\n\n\n\n<p>Na Regi\u00e3o dos Lagos, somente em Arraial do Cabo o percentual de alcoolemia foi de 26,3% e, de 171 motoristas abordados, 45 tiveram sua carteira de habilita\u00e7\u00e3o suspensa.<\/p>\n\n\n\n<p>&#8211; Apesar deste ano n\u00e3o ter acontecido as tradicionais festas de carnaval, desfile de blocos de rua e Sapuca\u00ed, foi grande o deslocamento de pessoas nas ruas durante o feriado prolongado. Abordamos mais de 1 mil motoristas e mais de 200 estavam com sinais de alcoolemia. Este elevado n\u00famero de pessoas que insistem em dirigir alcoolizadas \u00e9 um problema de comportamento social que precisa ser mudado.&nbsp; &#8211; alertou o Superintendente da Opera\u00e7\u00e3o Lei Seca, tenente-coronel Marcelo Rocha.<\/p>\n\n\n\n<p>Neste per\u00edodo foram realizadas blitzes de fiscaliza\u00e7\u00e3o nas principais rodovias estaduais, em parceria com o Batalh\u00e3o de Pol\u00edcia Rodovi\u00e1ria (BPRv). Al\u00e9m das&nbsp;a\u00e7\u00f5es de fiscaliza\u00e7\u00e3o, o trabalho de conscientiza\u00e7\u00e3o tamb\u00e9m foi intensificado durante o per\u00edodo para alertar a popula\u00e7\u00e3o sobre o perigo da mistura de \u00e1lcool e dire\u00e7\u00e3o.<\/p>\n\n\n\n<p>&#8211; Por isso estamos nas ruas, todos os dias, dia e noite, para evitar que estes motoristas alcoolizados provoquem acidentes. H\u00e1 quase 12 anos a Lei Seca vem refor\u00e7ando a mensagem para que o motorista &#8220;nunca dirija depois de beber!&#8221; &#8211;&nbsp;completa o superintendente.<\/p>\n\n\n\n<p>Cr\u00e9dito: Magno Segllia e Paulo Fernandes&nbsp;<\/p>\n","protected":false},"excerpt":{"rendered":"<p>Durante o feriado prolongado de Carnaval, a\u00a0Opera\u00e7\u00e3o\u00a0Lei\u00a0Seca refor\u00e7ou as a\u00e7\u00f5es de conscientiza\u00e7\u00e3o e fiscaliza\u00e7\u00e3o, com<\/p>\n","protected":false},"author":2,"featured_media":10514,"comment_status":"open","ping_status":"open","sticky":false,"template":"","format":"standard","meta":{"footnotes":""},"categories":[17],"tags":[],"class_list":["post-10513","post","type-post","status-publish","format-standard","has-post-thumbnail","hentry","category-outras-noticias"],"_links":{"self":[{"href":"https:\/\/tvc16.com\/portal\/wp-json\/wp\/v2\/posts\/10513","targetHints":{"allow":["GET"]}}],"collection":[{"href":"https:\/\/tvc16.com\/portal\/wp-json\/wp\/v2\/posts"}],"about":[{"href":"https:\/\/tvc16.com\/portal\/wp-json\/wp\/v2\/types\/post"}],"author":[{"embeddable":true,"href":"https:\/\/tvc16.com\/portal\/wp-json\/wp\/v2\/users\/2"}],"replies":[{"embeddable":true,"href":"https:\/\/tvc16.com\/portal\/wp-json\/wp\/v2\/comments?post=10513"}],"version-history":[{"count":1,"href":"https:\/\/tvc16.com\/portal\/wp-json\/wp\/v2\/posts\/10513\/revisions"}],"predecessor-version":[{"id":10515,"href":"https:\/\/tvc16.com\/portal\/wp-json\/wp\/v2\/posts\/10513\/revisions\/10515"}],"wp:featuredmedia":[{"embeddable":true,"href":"https:\/\/tvc16.com\/portal\/wp-json\/wp\/v2\/media\/10514"}],"wp:attachment":[{"href":"https:\/\/tvc16.com\/portal\/wp-json\/wp\/v2\/media?parent=10513"}],"wp:term":[{"taxonomy":"category","embeddable":true,"href":"https:\/\/tvc16.com\/portal\/wp-json\/wp\/v2\/categories?post=10513"},{"taxonomy":"post_tag","embeddable":true,"href":"https:\/\/tvc16.com\/portal\/wp-json\/wp\/v2\/tags?post=10513"}],"curies":[{"name":"wp","href":"https:\/\/api.w.org\/{rel}","templated":true}]}}