{"id":10520,"date":"2021-02-18T13:36:14","date_gmt":"2021-02-18T16:36:14","guid":{"rendered":"https:\/\/tvc16.com\/portal\/?p=10520"},"modified":"2021-02-18T13:36:17","modified_gmt":"2021-02-18T16:36:17","slug":"seis-partidos-pedem-cassacao-do-deputado-daniel-silveira-psl-rj-ao-conselho-de-etica-da-camara","status":"publish","type":"post","link":"https:\/\/tvc16.com\/portal\/2021\/02\/18\/seis-partidos-pedem-cassacao-do-deputado-daniel-silveira-psl-rj-ao-conselho-de-etica-da-camara\/","title":{"rendered":"Seis partidos pedem cassa\u00e7\u00e3o do deputado Daniel Silveira (PSL\/RJ), ao Conselho de \u00c9tica da C\u00e2mara"},"content":{"rendered":"\n<p>A audi\u00eancia de cust\u00f3dia do deputado est\u00e1 agendada para esta quinta-feira, \u00e0s 14h30. A sess\u00e3o na C\u00e2mara dos deputados, s\u00f3 deve ser marcada, ap\u00f3s o resultado desta audi\u00eancia<\/p>\n\n\n\n<p><br>Um documento assinado pelos partidos PT, PSB, PDT, PCdoB, PSOL e Rede pede ao\u00a0Conselho de \u00c9tica da\u00a0C\u00e2mara dos Deputados\u00a0a cassa\u00e7\u00e3o do mandato do deputado\u00a0Daniel Silveira\u00a0(PSL-RJ) por quebra de decoro parlamentar.\u00a0Desativado, desde o in\u00edcio da pandemia,\u00a0o conselho vai ser reativado\u00a0para analisar a situa\u00e7\u00e3o do deputado.<\/p>\n\n\n\n<p>Na representa\u00e7\u00e3o enviada ao Conselho de \u00c9tica, os partidos pedem que o presidente da C\u00e2mara, Arthur Lira (PP-AL), acelere a convoca\u00e7\u00e3o do Conselho de \u00c9tica.<br>Os partidos afirmam que Daniel Silveira &#8220;extrapola de sua imunidade, rompe criminosamente os deveres de que seu mandato imp\u00f5e e ofende, tamb\u00e9m de maneira criminosa, o Supremo Tribunal Federal, seus ministros e a democracia brasileira, estimulando a viol\u00eancia e fazendo apologia ao golpe militar e a ditadura imposta \u00e0 \u00e9poca. Os partidos decidiram assinar o pedido em conjunto em reuni\u00e3o virtual na manh\u00e3 desta quarta-feira (17). Pelo regimento, as siglas autoras da representa\u00e7\u00e3o n\u00e3o podem assumir a relatoria do processo.<br><br>A pris\u00e3o do deputado Daniel Silveira foi&nbsp;decretada&nbsp;nesta ter\u00e7a-feira (16) pelo Ministro&nbsp;Alexandre de Moraes, do Supremo Tribunal Federal, e&nbsp;confirmada por unanimidade&nbsp;ontem \u00e0 tarde pelo plen\u00e1rio do STF.<br>Logo depois do resultado, por unanimidade, (11 a 0) no STF, a Procuradoria-Geral da Rep\u00fablica denunciou o deputado ao&nbsp;Supremo Tribunal Federal, sob a acusa\u00e7\u00e3o de agredir verbalmente e amea\u00e7ar ministros da Corte, incitar a viol\u00eancia, tentar impedir o livre exerc\u00edcio dos poderes Legislativo e Judici\u00e1rio e estimular a animosidade entre as For\u00e7as Armadas e o STF. A den\u00fancia \u00e9 uma acusa\u00e7\u00e3o formal feita na Justi\u00e7a que, se recebida, torna r\u00e9u o investigado e d\u00e1 in\u00edcio a uma a\u00e7\u00e3o penal. Como o deputado tem foro privilegiado, cabe ao Supremo analisar o caso. Como prev\u00ea a Constitui\u00e7\u00e3o, o caso deve ser analisado pela C\u00e2mara dos Deputados, a quem caber\u00e1 resolver sobre a pris\u00e3o do deputado Daniel Silveira. O plen\u00e1rio da C\u00e2mara&nbsp;deve analisar a pris\u00e3o nesta quinta-feira (18).<br>Aliado do presidente Jair Bolsonaro, Daniel Silveira foi preso ap\u00f3s ter divulgado um v\u00eddeo no qual fez&nbsp;apologia ao Ato Institucional 5&nbsp;(AI-5), instrumento de repress\u00e3o mais duro da ditadura militar, e&nbsp;defendeu a destitui\u00e7\u00e3o de ministros do STF. As reivindica\u00e7\u00f5es s\u00e3o inconstitucionais.<br><br><strong>\u00c9 importante lembrar que:<\/strong><br><br>Pela Constitui\u00e7\u00e3o,&nbsp;pris\u00e3o em flagrante de parlamentar no exerc\u00edcio do mandato tem que ser submetida ao plen\u00e1rio&nbsp;da Casa Legislativa. O plen\u00e1rio pode manter ou derrubar a ordem de pris\u00e3o. S\u00e3o necess\u00e1rios votos de 257 deputados, isto \u00e9, a maioria absoluta da composi\u00e7\u00e3o da C\u00e2mara, em&nbsp;vota\u00e7\u00e3o nominal e aberta. Os partidos de oposi\u00e7\u00e3o j\u00e1 acenaram que os parlamentares votar\u00e3o pela manuten\u00e7\u00e3o da pris\u00e3o de Daniel&nbsp;Silveira.<\/p>\n\n\n\n<p>Por Reda\u00e7\u00e3o TVC<\/p>\n\n\n\n<p>Fonte: REDE CNN, PORTAL G1<\/p>\n","protected":false},"excerpt":{"rendered":"<p>A audi\u00eancia de cust\u00f3dia do deputado est\u00e1 agendada para esta quinta-feira, \u00e0s 14h30. A sess\u00e3o<\/p>\n","protected":false},"author":2,"featured_media":10521,"comment_status":"open","ping_status":"open","sticky":false,"template":"","format":"standard","meta":{"footnotes":""},"categories":[12],"tags":[],"class_list":["post-10520","post","type-post","status-publish","format-standard","has-post-thumbnail","hentry","category-cidade"],"_links":{"self":[{"href":"https:\/\/tvc16.com\/portal\/wp-json\/wp\/v2\/posts\/10520","targetHints":{"allow":["GET"]}}],"collection":[{"href":"https:\/\/tvc16.com\/portal\/wp-json\/wp\/v2\/posts"}],"about":[{"href":"https:\/\/tvc16.com\/portal\/wp-json\/wp\/v2\/types\/post"}],"author":[{"embeddable":true,"href":"https:\/\/tvc16.com\/portal\/wp-json\/wp\/v2\/users\/2"}],"replies":[{"embeddable":true,"href":"https:\/\/tvc16.com\/portal\/wp-json\/wp\/v2\/comments?post=10520"}],"version-history":[{"count":1,"href":"https:\/\/tvc16.com\/portal\/wp-json\/wp\/v2\/posts\/10520\/revisions"}],"predecessor-version":[{"id":10522,"href":"https:\/\/tvc16.com\/portal\/wp-json\/wp\/v2\/posts\/10520\/revisions\/10522"}],"wp:featuredmedia":[{"embeddable":true,"href":"https:\/\/tvc16.com\/portal\/wp-json\/wp\/v2\/media\/10521"}],"wp:attachment":[{"href":"https:\/\/tvc16.com\/portal\/wp-json\/wp\/v2\/media?parent=10520"}],"wp:term":[{"taxonomy":"category","embeddable":true,"href":"https:\/\/tvc16.com\/portal\/wp-json\/wp\/v2\/categories?post=10520"},{"taxonomy":"post_tag","embeddable":true,"href":"https:\/\/tvc16.com\/portal\/wp-json\/wp\/v2\/tags?post=10520"}],"curies":[{"name":"wp","href":"https:\/\/api.w.org\/{rel}","templated":true}]}}