{"id":10523,"date":"2021-02-18T20:17:52","date_gmt":"2021-02-18T23:17:52","guid":{"rendered":"https:\/\/tvc16.com\/portal\/?p=10523"},"modified":"2021-02-18T20:17:54","modified_gmt":"2021-02-18T23:17:54","slug":"upa-cascatinha-realiza-parto-apos-voltar-a-ser-unidade-de-pronto-atendimento","status":"publish","type":"post","link":"https:\/\/tvc16.com\/portal\/2021\/02\/18\/upa-cascatinha-realiza-parto-apos-voltar-a-ser-unidade-de-pronto-atendimento\/","title":{"rendered":"Upa Cascatinha realiza parto, ap\u00f3s voltar a ser unidade de pronto atendimento"},"content":{"rendered":"\n<p>A equipe da UPA de Cascatinha, que voltou a funcionar como unidade de pronto atendimento no \u00faltimo s\u00e1bado (13), viveu momentos de emo\u00e7\u00e3o nesta quinta-feira (18), com um parto dentro da Unidade. O menino Arthur nasceu \u00e0s 08h25 em parto normal, cinco minutos ap\u00f3s a m\u00e3e dar entrada na UPA.<\/p>\n\n\n\n<p>A m\u00e3e, de 21 anos, deu entrada na unidade j\u00e1 em trabalho de parto, \u00e0s 8h20. Sem tempo h\u00e1bil para a transfer\u00eancia da gestante, a equipe decidiu fazer o parto no local. Arthur nasceu ap\u00f3s 39 semanas de gesta\u00e7\u00e3o. M\u00e3e e beb\u00ea passam bem.<br>Enfermeira do plant\u00e3o desta quinta-feira, Bet\u00e2nia Faraco conta que foi pega de surpresa. \u201cO nosso plant\u00e3o come\u00e7ou \u00e0s 8h e, 20 minutos depois, nos deparamos com essa situa\u00e7\u00e3o. Fomos pegos de surpresa. Ap\u00f3s a chegada da gestante, ela foi direcionada para um ambiente da Unidade adequado para a realiza\u00e7\u00e3o do parto\u201d.<br>\u201cFoi um momento de muita alegria, ansiedade e de muita adrenalina. Prestamos toda a assist\u00eancia necess\u00e1ria \u00e0 m\u00e3e e ao beb\u00ea de forma r\u00e1pida. Estou muito feliz de ter participado desse momento, foi emocionante\u201d, contou ela.<br>M\u00e3e e filho foram encaminhados em uma ambul\u00e2ncia para o Hospital Alcides Carneiro por volta das 9h10 e, se tudo correr bem, devem ter alta neste s\u00e1bado.<\/p>\n","protected":false},"excerpt":{"rendered":"<p>A equipe da UPA de Cascatinha, que voltou a funcionar como unidade de pronto atendimento<\/p>\n","protected":false},"author":2,"featured_media":10524,"comment_status":"open","ping_status":"open","sticky":false,"template":"","format":"standard","meta":{"footnotes":""},"categories":[12],"tags":[],"class_list":["post-10523","post","type-post","status-publish","format-standard","has-post-thumbnail","hentry","category-cidade"],"_links":{"self":[{"href":"https:\/\/tvc16.com\/portal\/wp-json\/wp\/v2\/posts\/10523","targetHints":{"allow":["GET"]}}],"collection":[{"href":"https:\/\/tvc16.com\/portal\/wp-json\/wp\/v2\/posts"}],"about":[{"href":"https:\/\/tvc16.com\/portal\/wp-json\/wp\/v2\/types\/post"}],"author":[{"embeddable":true,"href":"https:\/\/tvc16.com\/portal\/wp-json\/wp\/v2\/users\/2"}],"replies":[{"embeddable":true,"href":"https:\/\/tvc16.com\/portal\/wp-json\/wp\/v2\/comments?post=10523"}],"version-history":[{"count":1,"href":"https:\/\/tvc16.com\/portal\/wp-json\/wp\/v2\/posts\/10523\/revisions"}],"predecessor-version":[{"id":10525,"href":"https:\/\/tvc16.com\/portal\/wp-json\/wp\/v2\/posts\/10523\/revisions\/10525"}],"wp:featuredmedia":[{"embeddable":true,"href":"https:\/\/tvc16.com\/portal\/wp-json\/wp\/v2\/media\/10524"}],"wp:attachment":[{"href":"https:\/\/tvc16.com\/portal\/wp-json\/wp\/v2\/media?parent=10523"}],"wp:term":[{"taxonomy":"category","embeddable":true,"href":"https:\/\/tvc16.com\/portal\/wp-json\/wp\/v2\/categories?post=10523"},{"taxonomy":"post_tag","embeddable":true,"href":"https:\/\/tvc16.com\/portal\/wp-json\/wp\/v2\/tags?post=10523"}],"curies":[{"name":"wp","href":"https:\/\/api.w.org\/{rel}","templated":true}]}}