{"id":10526,"date":"2021-02-18T20:30:00","date_gmt":"2021-02-18T23:30:00","guid":{"rendered":"https:\/\/tvc16.com\/portal\/?p=10526"},"modified":"2021-02-18T20:30:03","modified_gmt":"2021-02-18T23:30:03","slug":"representantes-da-economia-popular-solidaria-se-reuniram-com-prefeito-interino","status":"publish","type":"post","link":"https:\/\/tvc16.com\/portal\/2021\/02\/18\/representantes-da-economia-popular-solidaria-se-reuniram-com-prefeito-interino\/","title":{"rendered":"Representantes da Economia Popular  Solid\u00e1ria se reuniram com prefeito interino"},"content":{"rendered":"\n<p>O prefeito interino Hingo Hammes esteve reunido nesta quinta-feira (18) com representantes da rede de Economia Popular Solid\u00e1ria. O encontro teve a finalidade de estreitar a rela\u00e7\u00e3o dos artes\u00e3os com a atual gest\u00e3o municipal e discutir pautas relacionadas ao grupo.<\/p>\n\n\n\n<p>O grupo falou sobre o trabalho na Pra\u00e7a Alcindo Sodr\u00e9 e na Pra\u00e7a Visconde de Mau\u00e1 e apresentou algumas diretrizes do Plano Municipal da Economia Solid\u00e1ria, como a cria\u00e7\u00e3o do Centro de Refer\u00eancia da Economia Solid\u00e1ria, a forma\u00e7\u00e3o de cooperativas de trabalho para a cria\u00e7\u00e3o de projetos estruturantes com objetivo de aumentar a renda e gera\u00e7\u00e3o de empregos, al\u00e9m de quest\u00f5es que envolvem o Conselho Municipal da Economia Solid\u00e1ria e o seu fundo.<\/p>\n\n\n\n<p>A coordenadora Especial de Articula\u00e7\u00e3o Institucional, Fernanda Ferreira, destacou a import\u00e2ncia do encontro. \u201cDentro do relacionamento com o coletivo, vamos priorizar a transpar\u00eancia dos atos, o olho no olho. Essa \u00e9 a melhor forma de construir pol\u00edticas p\u00fablicas com qualidade\u201d.<\/p>\n\n\n\n<p>O presidente da ONG Ra\u00edzes do Of\u00edcio, Marcelo Xavier, disse que o segmento da Economia Popular Solid\u00e1ria parabenizou o prefeito interino Hingo Hammes. \u201cVale registrar que o prefeito interino, desde que estava na C\u00e2mara, atende o coletivo com muito carinho. Tenho certeza que nossos pedidos ser\u00e3o vistos com aten\u00e7\u00e3o\u201d.<\/p>\n\n\n\n<p>A Economia Popular Solid\u00e1ria se constituiu em uma importante estrat\u00e9gia econ\u00f4mica e social para diversos empreendimentos, fam\u00edlias e pessoas, especialmente para driblar o quadro econ\u00f4mico prec\u00e1rio do Estado.<\/p>\n","protected":false},"excerpt":{"rendered":"<p>O prefeito interino Hingo Hammes esteve reunido nesta quinta-feira (18) com representantes da rede de<\/p>\n","protected":false},"author":2,"featured_media":10527,"comment_status":"open","ping_status":"open","sticky":false,"template":"","format":"standard","meta":{"footnotes":""},"categories":[12],"tags":[],"class_list":["post-10526","post","type-post","status-publish","format-standard","has-post-thumbnail","hentry","category-cidade"],"_links":{"self":[{"href":"https:\/\/tvc16.com\/portal\/wp-json\/wp\/v2\/posts\/10526","targetHints":{"allow":["GET"]}}],"collection":[{"href":"https:\/\/tvc16.com\/portal\/wp-json\/wp\/v2\/posts"}],"about":[{"href":"https:\/\/tvc16.com\/portal\/wp-json\/wp\/v2\/types\/post"}],"author":[{"embeddable":true,"href":"https:\/\/tvc16.com\/portal\/wp-json\/wp\/v2\/users\/2"}],"replies":[{"embeddable":true,"href":"https:\/\/tvc16.com\/portal\/wp-json\/wp\/v2\/comments?post=10526"}],"version-history":[{"count":1,"href":"https:\/\/tvc16.com\/portal\/wp-json\/wp\/v2\/posts\/10526\/revisions"}],"predecessor-version":[{"id":10528,"href":"https:\/\/tvc16.com\/portal\/wp-json\/wp\/v2\/posts\/10526\/revisions\/10528"}],"wp:featuredmedia":[{"embeddable":true,"href":"https:\/\/tvc16.com\/portal\/wp-json\/wp\/v2\/media\/10527"}],"wp:attachment":[{"href":"https:\/\/tvc16.com\/portal\/wp-json\/wp\/v2\/media?parent=10526"}],"wp:term":[{"taxonomy":"category","embeddable":true,"href":"https:\/\/tvc16.com\/portal\/wp-json\/wp\/v2\/categories?post=10526"},{"taxonomy":"post_tag","embeddable":true,"href":"https:\/\/tvc16.com\/portal\/wp-json\/wp\/v2\/tags?post=10526"}],"curies":[{"name":"wp","href":"https:\/\/api.w.org\/{rel}","templated":true}]}}