{"id":10529,"date":"2021-02-18T20:34:55","date_gmt":"2021-02-18T23:34:55","guid":{"rendered":"https:\/\/tvc16.com\/portal\/?p=10529"},"modified":"2021-02-18T20:34:57","modified_gmt":"2021-02-18T23:34:57","slug":"os-idosos-com-90-anos-ou-mais-que-ainda-nao-conseguiram-se-vacinar-contra-a-covid-19-terao-ate-a-proxima-terca-feira-23-para-ir-ate-um-dos-dois-postos-de-vacinacao","status":"publish","type":"post","link":"https:\/\/tvc16.com\/portal\/2021\/02\/18\/os-idosos-com-90-anos-ou-mais-que-ainda-nao-conseguiram-se-vacinar-contra-a-covid-19-terao-ate-a-proxima-terca-feira-23-para-ir-ate-um-dos-dois-postos-de-vacinacao\/","title":{"rendered":"Os idosos com 90 anos ou mais que ainda n\u00e3o conseguiram se vacinar, contra a Covid-19, ter\u00e3o at\u00e9 a pr\u00f3xima ter\u00e7a-feira (23) para ir at\u00e9 um dos dois postos de vacina\u00e7\u00e3o"},"content":{"rendered":"\n<p>O prazo para atendimento exclusivo desta faixa et\u00e1ria, que terminaria neste s\u00e1bado (20), foi ampliado para facilitar o acesso da popula\u00e7\u00e3o. Para se vacinar \u00e9 preciso fazer o cadastro na p\u00e1gina da prefeitura na internet (www.petropolis.rj.gov.br).<\/p>\n\n\n\n<p>A vacina\u00e7\u00e3o continua sendo feita em um dos dois postos montados no campus da UCP na Rua Benjamin Constant, no Centro, e no Parque Municipal, em Itaipava, que tamb\u00e9m funcionam com sistema de drive thru, das 9h \u00e0s 16h, de segunda-feira a s\u00e1bado. Para ser vacinado, \u00e9 necess\u00e1rio fazer o agendamento no site da prefeitura e comparecer ao local com identidade, cart\u00e3o de vacina e comprovante de resid\u00eancia.<\/p>\n\n\n\n<p>Pessoas que testaram positivo para a Covid-19 nos \u00faltimos 30 dias ou que estejam com sintomas n\u00e3o poder\u00e3o ser vacinados neste momento. Por isso, devem aguardar e depois se apresentar em um dos postos de vacina\u00e7\u00e3o.<\/p>\n\n\n\n<p><em>Boletim vacina\u00e7\u00e3o \u2013 18\/02\/2021<\/em><\/p>\n\n\n\n<p>As equipes de enfermagem, sob coordena\u00e7\u00e3o do departamento de Vigil\u00e2ncia em Sa\u00fade, realizaram, nesta quinta-feira (18), a vacina\u00e7\u00e3o contra a Covid-19 em seis unidades de sa\u00fade, quando foram vacinadas 841 pessoas, deste total 634 receberam segunda dose. No total, 8.150 pessoas foram vacinadas at\u00e9 agora no munic\u00edpio. Quarenta e seis idosos acima de 90 anos e 28 acamados foram vacinados hoje no Centro.<\/p>\n\n\n\n<p>Nesta quinta-feira, as equipes de enfermagem estiveram no Lar Santa Catarina, Lar Bela Vida, Cl\u00ednica Pousada das Brom\u00e9lias, Hospital Alcides Carneiro, Hospital Unimed e Hospital Municipal Nelson S\u00e1 Earp. Al\u00e9m disso, foram vacinados os idosos acima de 90 anos nos dois pontos fixos montados no campus da UCP, na Rua Benjamin Constant, no Centro, e no Parque Municipal, em Itaipava.<\/p>\n","protected":false},"excerpt":{"rendered":"<p>O prazo para atendimento exclusivo desta faixa et\u00e1ria, que terminaria neste s\u00e1bado (20), foi ampliado<\/p>\n","protected":false},"author":2,"featured_media":10530,"comment_status":"open","ping_status":"open","sticky":false,"template":"","format":"standard","meta":{"footnotes":""},"categories":[12],"tags":[],"class_list":["post-10529","post","type-post","status-publish","format-standard","has-post-thumbnail","hentry","category-cidade"],"_links":{"self":[{"href":"https:\/\/tvc16.com\/portal\/wp-json\/wp\/v2\/posts\/10529","targetHints":{"allow":["GET"]}}],"collection":[{"href":"https:\/\/tvc16.com\/portal\/wp-json\/wp\/v2\/posts"}],"about":[{"href":"https:\/\/tvc16.com\/portal\/wp-json\/wp\/v2\/types\/post"}],"author":[{"embeddable":true,"href":"https:\/\/tvc16.com\/portal\/wp-json\/wp\/v2\/users\/2"}],"replies":[{"embeddable":true,"href":"https:\/\/tvc16.com\/portal\/wp-json\/wp\/v2\/comments?post=10529"}],"version-history":[{"count":1,"href":"https:\/\/tvc16.com\/portal\/wp-json\/wp\/v2\/posts\/10529\/revisions"}],"predecessor-version":[{"id":10531,"href":"https:\/\/tvc16.com\/portal\/wp-json\/wp\/v2\/posts\/10529\/revisions\/10531"}],"wp:featuredmedia":[{"embeddable":true,"href":"https:\/\/tvc16.com\/portal\/wp-json\/wp\/v2\/media\/10530"}],"wp:attachment":[{"href":"https:\/\/tvc16.com\/portal\/wp-json\/wp\/v2\/media?parent=10529"}],"wp:term":[{"taxonomy":"category","embeddable":true,"href":"https:\/\/tvc16.com\/portal\/wp-json\/wp\/v2\/categories?post=10529"},{"taxonomy":"post_tag","embeddable":true,"href":"https:\/\/tvc16.com\/portal\/wp-json\/wp\/v2\/tags?post=10529"}],"curies":[{"name":"wp","href":"https:\/\/api.w.org\/{rel}","templated":true}]}}