{"id":10536,"date":"2021-02-19T08:28:00","date_gmt":"2021-02-19T11:28:00","guid":{"rendered":"https:\/\/tvc16.com\/portal\/?p=10536"},"modified":"2021-02-19T08:28:01","modified_gmt":"2021-02-19T11:28:01","slug":"nova-iguacu-tem-novo-calendario-de-vacinacao-para-idosos-de-80-a-84-anos-na-semana-que-vem","status":"publish","type":"post","link":"https:\/\/tvc16.com\/portal\/2021\/02\/19\/nova-iguacu-tem-novo-calendario-de-vacinacao-para-idosos-de-80-a-84-anos-na-semana-que-vem\/","title":{"rendered":"Nova Igua\u00e7u tem novo calend\u00e1rio de vacina\u00e7\u00e3o para idosos de 80 a 84 anos na semana que vem"},"content":{"rendered":"\n<p><\/p>\n\n\n\n<p>Na semana que vem, Nova Igua\u00e7u ter\u00e1 um novo calend\u00e1rio de imuniza\u00e7\u00e3o para idosos entre 80 e 84 anos que forem receber a primeira dose da vacina contra a COVID-19. Os dias ser\u00e3o divididos agora por idades e, no s\u00e1bado, ser\u00e3o atendidos aqueles que perderam a data determinada. Os locais de aplica\u00e7\u00e3o foram ampliados dos atuais oito para 14 pontos. Para ser vacinado, \u00e9 preciso apresentar carteira de identidade, CPF, Cart\u00e3o do SUS e comprovante de resid\u00eancia.&nbsp; O hor\u00e1rio de funcionamento ser\u00e1 das 8h30 \u00e0s 16h, com exce\u00e7\u00e3o do s\u00e1bado, quando o encerramento ser\u00e1 \u00e0s 13h.<\/p>\n\n\n\n<p>Nesta sexta-feira (19), a vacina\u00e7\u00e3o est\u00e1 mantida para idosos com 85 anos ou mais.<\/p>\n\n\n\n<p>O calend\u00e1rio da semana que vem ser\u00e1 o seguinte:<br>&#8211; Idosos de 84 anos \u2013 Segunda feira &#8211; Dia 22 de fevereiro;<br>&#8211; idosos de 83 anos \u2013 Ter\u00e7a-feira \u2013 Dia 23 de fevereiro ;<br>&#8211; Idosos de 82 anos \u2013 Quarta-feira- Dia 24 de fevereiro;<br>&#8211; Idosos de 81 anos \u2013 Quinta-feira- Dia 25 de fevereiro;<br>&#8211; Idosos de 80 anos \u2013 Sexta-feira \u2013 Dia 26 de fevereiro;<br>&#8211; Idosos de 80 a 84 anos (que perderam seu dia) \u2013 S\u00e1bado &nbsp;&#8211; Dia 27 de fevereiro.<\/p>\n\n\n\n<p>Confira os locais de vacina\u00e7\u00e3o em Nova Igua\u00e7u a partir do dia 22 de fevereiro<\/p>\n\n\n\n<p>DRIVE THRU \u2013 CENTRO OL\u00cdMPICO DE NOVA IGUA\u00c7U<br>Avenida Governador Roberto da Silveira, 1725, Centro.<br>Refer\u00eancia: Pr\u00f3ximo ao Viaduto da Posse.<br>ESPA\u00c7O MUNICIPAL DA TERCEIRA IDADE DE NOVA IGUA\u00c7U (ESMUTI)<br>Avenida Lu\u00eds de Matos, 736 \u2013 Bairro da Luz.<br>CL\u00cdNICA DA FAM\u00cdLIA JARDIM PARA\u00cdSO<br>Rua Ing\u00e1 s\/n\u00ba &#8211; Jardim Para\u00edso<br>Refer\u00eancia: UPA 24 Horas Arquiteta Patr\u00edcia Marinho<br>CL\u00cdNICA DA FAM\u00cdLIA DE VILA DE CAVA<br>Rua \u00c1lvaro Gon\u00e7alves, 103 \u2013 Vila de Cava<br>Refer\u00eancia: UPA 24 Horas Gisele Palhares Gouv\u00eaa<br>POLICL\u00cdNICA DE MIGUEL COUTO<br>Rua Digomar Sim\u00f5es e Souza, 50 \u2013 Miguel Couto<br>Refer\u00eancia: UPA 24 Horas Carlinhos da Tingu\u00e1 \u2013 Miguel Couto<br>CL\u00cdNICA DA FAM\u00cdLIA DE AUSTIN<br>Rua Coronel Monteiro de Barros, 783 \u2013 Austin<br>Refer\u00eancia: UPS 24 Horas Dr. Moacyr de Carvalho \u2013 Austin<br>CL\u00cdNICA DA FAM\u00cdLIA ODICEIA MORAIS<br>Rua Bol\u00edvia, s\/n\u00ba &#8211; Centro<br>CLINICA DA FAMILIA EMILIA GOMES<br>Rua dos Quart\u00e9is, 221 \u2013 Comendador Soares<br>Refer\u00eancia: UPA 24 Horas Comendador Soares \u2013 Comendador Soares<br>CL\u00cdNICA DA FAM\u00cdLIA DOM BOSCO<br>Avenida Ab\u00edlio Augusto T\u00e1vora s\/n\u00b0 &#8211; Bairro Dom Bosco<br>CL\u00cdNICA DA FAM\u00cdLIA &nbsp;VILA OPER\u00c1RIA<br>Rua Nair Dias, 880 \u2013 Vila Oper\u00e1ria.<br>UNIDADE DE SA\u00daDE DA FAM\u00cdLIA RANCHO FUNDO<br>Rua das Rosas, 100 \u2013 Rancho Fundo<br>CL\u00cdNICA DA FAM\u00cdLIA MARFEL<br>Rua \u00c1urea Ramos Borges, &nbsp;110 \u2013 Palhada<br>CL\u00cdNICA DA FAM\u00cdLIA DO CAI\u00c7ARA<br>Rua Oiticica, s\/n\u00b0 &#8211; Carmari<br>CL\u00cdNICA DA FAM\u00cdLIA DO AMBAI<br>Avenida Henrique Duque Estrada, 3.357 \u2013 Ambai<\/p>\n","protected":false},"excerpt":{"rendered":"<p>Na semana que vem, Nova Igua\u00e7u ter\u00e1 um novo calend\u00e1rio de imuniza\u00e7\u00e3o para idosos entre<\/p>\n","protected":false},"author":2,"featured_media":10537,"comment_status":"open","ping_status":"open","sticky":false,"template":"","format":"standard","meta":{"footnotes":""},"categories":[17],"tags":[],"class_list":["post-10536","post","type-post","status-publish","format-standard","has-post-thumbnail","hentry","category-outras-noticias"],"_links":{"self":[{"href":"https:\/\/tvc16.com\/portal\/wp-json\/wp\/v2\/posts\/10536","targetHints":{"allow":["GET"]}}],"collection":[{"href":"https:\/\/tvc16.com\/portal\/wp-json\/wp\/v2\/posts"}],"about":[{"href":"https:\/\/tvc16.com\/portal\/wp-json\/wp\/v2\/types\/post"}],"author":[{"embeddable":true,"href":"https:\/\/tvc16.com\/portal\/wp-json\/wp\/v2\/users\/2"}],"replies":[{"embeddable":true,"href":"https:\/\/tvc16.com\/portal\/wp-json\/wp\/v2\/comments?post=10536"}],"version-history":[{"count":1,"href":"https:\/\/tvc16.com\/portal\/wp-json\/wp\/v2\/posts\/10536\/revisions"}],"predecessor-version":[{"id":10538,"href":"https:\/\/tvc16.com\/portal\/wp-json\/wp\/v2\/posts\/10536\/revisions\/10538"}],"wp:featuredmedia":[{"embeddable":true,"href":"https:\/\/tvc16.com\/portal\/wp-json\/wp\/v2\/media\/10537"}],"wp:attachment":[{"href":"https:\/\/tvc16.com\/portal\/wp-json\/wp\/v2\/media?parent=10536"}],"wp:term":[{"taxonomy":"category","embeddable":true,"href":"https:\/\/tvc16.com\/portal\/wp-json\/wp\/v2\/categories?post=10536"},{"taxonomy":"post_tag","embeddable":true,"href":"https:\/\/tvc16.com\/portal\/wp-json\/wp\/v2\/tags?post=10536"}],"curies":[{"name":"wp","href":"https:\/\/api.w.org\/{rel}","templated":true}]}}