{"id":10539,"date":"2021-02-19T13:24:53","date_gmt":"2021-02-19T16:24:53","guid":{"rendered":"https:\/\/tvc16.com\/portal\/?p=10539"},"modified":"2021-02-19T13:24:56","modified_gmt":"2021-02-19T16:24:56","slug":"a-aplicacao-da-segunda-dose-da-vacina-contra-a-covid-19-comeca-nesta-sexta-feira-19-em-92-municipios-do-rio-de-janeiro","status":"publish","type":"post","link":"https:\/\/tvc16.com\/portal\/2021\/02\/19\/a-aplicacao-da-segunda-dose-da-vacina-contra-a-covid-19-comeca-nesta-sexta-feira-19-em-92-municipios-do-rio-de-janeiro\/","title":{"rendered":"A aplica\u00e7\u00e3o da segunda dose da vacina contra a Covid-19 come\u00e7a nesta sexta-feira (19) em 92 munic\u00edpios do Rio de Janeiro"},"content":{"rendered":"\n<p>Os novos lotes para vacina\u00e7\u00e3o j\u00e1 come\u00e7aram a ser enviados para as cidades, de acordo com a Secretaria Estadual de Sa\u00fade (SES-RJ)<\/p>\n\n\n\n<p>V\u00e3o receber a segunda dose todos aqueles que j\u00e1 receberam a primeira, ou seja, os profissionais que atuam na linha de frente de combate \u00e0 doen\u00e7a e outros trabalhadores da sa\u00fade, idosos, pessoas com defici\u00eancia que vivem em institui\u00e7\u00f5es de longa perman\u00eancia, ind\u00edgenas aldeados e quilombolas.\u00a0<\/p>\n\n\n\n<p><\/p>\n\n\n\n<p>Fonte: <a href=\"https:\/\/brasil61.com\/noticias\/rj-92-municipios-comecam-a-aplicar-a-segunda-dose-da-vacina-contra-a-covid-19-bras213880?email=bethdeoliveira@yahoo.com.br&amp;utm_source=email_individual&amp;utm_medium=email_individual&amp;utm_campaign=email_individual\" target=\"_blank\" rel=\"noreferrer noopener\">Brasil 61<\/a><\/p>\n","protected":false},"excerpt":{"rendered":"<p>Os novos lotes para vacina\u00e7\u00e3o j\u00e1 come\u00e7aram a ser enviados para as cidades, de acordo<\/p>\n","protected":false},"author":2,"featured_media":10540,"comment_status":"open","ping_status":"open","sticky":false,"template":"","format":"standard","meta":{"footnotes":""},"categories":[17],"tags":[],"class_list":["post-10539","post","type-post","status-publish","format-standard","has-post-thumbnail","hentry","category-outras-noticias"],"_links":{"self":[{"href":"https:\/\/tvc16.com\/portal\/wp-json\/wp\/v2\/posts\/10539","targetHints":{"allow":["GET"]}}],"collection":[{"href":"https:\/\/tvc16.com\/portal\/wp-json\/wp\/v2\/posts"}],"about":[{"href":"https:\/\/tvc16.com\/portal\/wp-json\/wp\/v2\/types\/post"}],"author":[{"embeddable":true,"href":"https:\/\/tvc16.com\/portal\/wp-json\/wp\/v2\/users\/2"}],"replies":[{"embeddable":true,"href":"https:\/\/tvc16.com\/portal\/wp-json\/wp\/v2\/comments?post=10539"}],"version-history":[{"count":1,"href":"https:\/\/tvc16.com\/portal\/wp-json\/wp\/v2\/posts\/10539\/revisions"}],"predecessor-version":[{"id":10541,"href":"https:\/\/tvc16.com\/portal\/wp-json\/wp\/v2\/posts\/10539\/revisions\/10541"}],"wp:featuredmedia":[{"embeddable":true,"href":"https:\/\/tvc16.com\/portal\/wp-json\/wp\/v2\/media\/10540"}],"wp:attachment":[{"href":"https:\/\/tvc16.com\/portal\/wp-json\/wp\/v2\/media?parent=10539"}],"wp:term":[{"taxonomy":"category","embeddable":true,"href":"https:\/\/tvc16.com\/portal\/wp-json\/wp\/v2\/categories?post=10539"},{"taxonomy":"post_tag","embeddable":true,"href":"https:\/\/tvc16.com\/portal\/wp-json\/wp\/v2\/tags?post=10539"}],"curies":[{"name":"wp","href":"https:\/\/api.w.org\/{rel}","templated":true}]}}