{"id":10545,"date":"2021-02-19T17:02:57","date_gmt":"2021-02-19T20:02:57","guid":{"rendered":"https:\/\/tvc16.com\/portal\/?p=10545"},"modified":"2021-02-19T17:03:01","modified_gmt":"2021-02-19T20:03:01","slug":"na-tarde-desta-sexta-feira-a-camara-dos-deputados-decide-o-futuro-de-daniel-silveira-o-parlamentar-preso-precisa-de-pelo-menos-257-votos-a-seu-favor-para-que-seja-solto","status":"publish","type":"post","link":"https:\/\/tvc16.com\/portal\/2021\/02\/19\/na-tarde-desta-sexta-feira-a-camara-dos-deputados-decide-o-futuro-de-daniel-silveira-o-parlamentar-preso-precisa-de-pelo-menos-257-votos-a-seu-favor-para-que-seja-solto\/","title":{"rendered":"Na tarde desta sexta-feira, a C\u00e2mara dos deputados decide o futuro de Daniel Silveira. O parlamentar preso, precisa de pelo menos 257 votos a seu favor, para que seja solto"},"content":{"rendered":"\n<p>O ministro\u00a0Alexandre de Moraes, do Supremo Tribunal Federal, autorizou que o deputado Daniel Silveira (PSL-RJ) participe por v\u00eddeo da sess\u00e3o da C\u00e2mara que decidi nesta sexta-feira se ser\u00e1 mantida a\u00a0ordem de pris\u00e3o contra ele. No in\u00edcio da tarde, em nova decis\u00e3o, Moraes negou pedido da defesa de Daniel Silveira para que o deputado participasse de forma presencial da vota\u00e7\u00e3o na C\u00e2mara. O ministro disse que, h\u00e1 estrutura dispon\u00edvel para que Silveira acompanhe a vota\u00e7\u00e3o de forma virtual e, segundo ele, esse modelo n\u00e3o prejudica o direito de defesa.<br>O deputado est\u00e1 preso no Batalh\u00e3o Especial da Pol\u00edcia Militar do Rio de Janeiro. Ele foi\u00a0detido na noite da \u00faltima\u00a0 ter\u00e7a-feira, por ordem do ministro do STF Alexandre de Moraes, depois que publicou um v\u00eddeo nas redes sociais em que defende o AI-5, mais duro ato de repress\u00e3o da ditadura militar, e a destitui\u00e7\u00e3o de ministros do STF. As duas reivindica\u00e7\u00f5es s\u00e3o inconstitucionais.<br><\/p>\n","protected":false},"excerpt":{"rendered":"<p>O ministro\u00a0Alexandre de Moraes, do Supremo Tribunal Federal, autorizou que o deputado Daniel Silveira (PSL-RJ)<\/p>\n","protected":false},"author":2,"featured_media":10546,"comment_status":"open","ping_status":"open","sticky":false,"template":"","format":"standard","meta":{"footnotes":""},"categories":[12],"tags":[],"class_list":["post-10545","post","type-post","status-publish","format-standard","has-post-thumbnail","hentry","category-cidade"],"_links":{"self":[{"href":"https:\/\/tvc16.com\/portal\/wp-json\/wp\/v2\/posts\/10545","targetHints":{"allow":["GET"]}}],"collection":[{"href":"https:\/\/tvc16.com\/portal\/wp-json\/wp\/v2\/posts"}],"about":[{"href":"https:\/\/tvc16.com\/portal\/wp-json\/wp\/v2\/types\/post"}],"author":[{"embeddable":true,"href":"https:\/\/tvc16.com\/portal\/wp-json\/wp\/v2\/users\/2"}],"replies":[{"embeddable":true,"href":"https:\/\/tvc16.com\/portal\/wp-json\/wp\/v2\/comments?post=10545"}],"version-history":[{"count":1,"href":"https:\/\/tvc16.com\/portal\/wp-json\/wp\/v2\/posts\/10545\/revisions"}],"predecessor-version":[{"id":10547,"href":"https:\/\/tvc16.com\/portal\/wp-json\/wp\/v2\/posts\/10545\/revisions\/10547"}],"wp:featuredmedia":[{"embeddable":true,"href":"https:\/\/tvc16.com\/portal\/wp-json\/wp\/v2\/media\/10546"}],"wp:attachment":[{"href":"https:\/\/tvc16.com\/portal\/wp-json\/wp\/v2\/media?parent=10545"}],"wp:term":[{"taxonomy":"category","embeddable":true,"href":"https:\/\/tvc16.com\/portal\/wp-json\/wp\/v2\/categories?post=10545"},{"taxonomy":"post_tag","embeddable":true,"href":"https:\/\/tvc16.com\/portal\/wp-json\/wp\/v2\/tags?post=10545"}],"curies":[{"name":"wp","href":"https:\/\/api.w.org\/{rel}","templated":true}]}}