{"id":10548,"date":"2021-02-19T19:53:24","date_gmt":"2021-02-19T22:53:24","guid":{"rendered":"https:\/\/tvc16.com\/portal\/?p=10548"},"modified":"2021-02-19T19:53:27","modified_gmt":"2021-02-19T22:53:27","slug":"idosos-com-idade-entre-85-e-89-anos-devem-se-cadastrar-a-partir-deste-sabado-20-para-a-vacinacao-contra-a-covid-19","status":"publish","type":"post","link":"https:\/\/tvc16.com\/portal\/2021\/02\/19\/idosos-com-idade-entre-85-e-89-anos-devem-se-cadastrar-a-partir-deste-sabado-20-para-a-vacinacao-contra-a-covid-19\/","title":{"rendered":"Idosos com idade entre 85 e 89 anos devem se cadastrar a partir deste s\u00e1bado (20) para a vacina\u00e7\u00e3o contra a covid-19"},"content":{"rendered":"\n<p>A amplia\u00e7\u00e3o da imuniza\u00e7\u00e3o para esta faixa et\u00e1ria est\u00e1 prevista para come\u00e7ar na pr\u00f3xima quarta-feira (24)<\/p>\n\n\n\n<p>Para se vacinar \u00e9 preciso fazer o cadastro na p\u00e1gina da prefeitura na internet (www.petropolis.rj.gov.br). A estimativa da Secretaria de Sa\u00fade \u00e9 de que cerca de 2.600 pessoas nesta faixa et\u00e1ria morem na cidade. A vacina\u00e7\u00e3o para esta faixa et\u00e1ria ser\u00e1 realizada at\u00e9 o dia 6 de mar\u00e7o.<\/p>\n\n\n\n<p>Com o aumento do p\u00fablico a ser vacinado, os locais de vacina\u00e7\u00e3o ser\u00e3o ampliados de dois para quatro pontos fixos. A partir de quarta-feira, al\u00e9m dos pontos que funcionam na UCP da Benjamim Constant e no Parque Municipal de Itaipava, as vacinas estar\u00e3o dispon\u00edveis tamb\u00e9m nas Unidades B\u00e1sicas de Sa\u00fade (UBSs) do Quitandinha e do Itamarati. Em todos os pontos a vacina\u00e7\u00e3o acontece sempre de 9h as 16h. Importante destacar que mesmo nos locais com sistema drive thru, as vacinas s\u00e3o aplicadas tamb\u00e9m em idosos cadastrados que se apresentem a p\u00e9.<\/p>\n\n\n\n<p>Com a amplia\u00e7\u00e3o da vacina\u00e7\u00e3o, a Secretaria de Sa\u00fade ir\u00e1 agendar por dia a imuniza\u00e7\u00e3o de 150 pessoas em cada um dos dois pontos de drive thru e 100 idosos por dia em cada uma das UBSs. \u201cTodo o planejamento est\u00e1 sendo feito para que a vacina\u00e7\u00e3o prossiga de forma tranquila para os idosos, com todo o cuidado para evitarmos as aglomera\u00e7\u00f5es, j\u00e1 que teremos mais pessoas sendo vacinadas na faixa et\u00e1ria entre 85 e 89 anos. Neste sentido \u00e9 fundamental que as pessoas fa\u00e7am o cadastro dos idosos, j\u00e1 a partir deste s\u00e1bado\u201d, orienta o secret\u00e1rio de Sa\u00fade Alo\u00edsio Barbosa Filho.<\/p>\n\n\n\n<p>O secret\u00e1rio frisa que n\u00e3o \u00e9 necess\u00e1rio que haja uma corrida aos pontos de vacina\u00e7\u00e3o no primeiro dia, uma vez que o munic\u00edpio tem vacinas em dose suficiente para imunizar todas as pessoas desta faixa et\u00e1ria espec\u00edfica. \u2013 Observamos que h\u00e1 uma maior demanda na parte da manh\u00e3, com uma grande quantidade de pessoas procurando os pontos de vacina\u00e7\u00e3o no momento da abertura. Mas \u00e9 importante que as pessoas saibam que a vacina\u00e7\u00e3o \u00e9 feita at\u00e9 as 16h e que teremos a vacina para todas as pessoas com mais de 85 anos.<\/p>\n\n\n\n<p>Para as pessoas com mais de 90 anos, a vacina\u00e7\u00e3o segue at\u00e9 a pr\u00f3xima ter\u00e7a-feira (inclusive neste s\u00e1bado) nos postos montados no campus da UCP na Rua Benjamin Constant, no Centro, e no Parque Municipal, em Itaipava, que tamb\u00e9m funcionam com sistema de drive thru, das 9h \u00e0s 16h.<\/p>\n\n\n\n<p>\u201c\u00c9 muito importante que as pessoas fa\u00e7am o cadastro e respeitem as datas para a vacina\u00e7\u00e3o das respectivas faixas et\u00e1rias. Isso \u00e9 necess\u00e1rio para que possamos evitar qualquer tipo de aglomera\u00e7\u00e3o e risco para os idosos\u201d, destaca o secret\u00e1rio.<\/p>\n\n\n\n<p>Para ser vacinado, \u00e9 necess\u00e1rio fazer o agendamento no site da prefeitura e comparecer ao local com identidade, cart\u00e3o de vacina e comprovante de resid\u00eancia.<\/p>\n\n\n\n<p>Pessoas que testaram positivo para a Covid-19 nos \u00faltimos 30 dias ou que estejam com sintomas n\u00e3o poder\u00e3o ser vacinados neste momento. Por isso, devem aguardar e depois se apresentar em um dos postos de vacina\u00e7\u00e3o.<\/p>\n","protected":false},"excerpt":{"rendered":"<p>A amplia\u00e7\u00e3o da imuniza\u00e7\u00e3o para esta faixa et\u00e1ria est\u00e1 prevista para come\u00e7ar na pr\u00f3xima quarta-feira<\/p>\n","protected":false},"author":2,"featured_media":10549,"comment_status":"open","ping_status":"open","sticky":false,"template":"","format":"standard","meta":{"footnotes":""},"categories":[12],"tags":[],"class_list":["post-10548","post","type-post","status-publish","format-standard","has-post-thumbnail","hentry","category-cidade"],"_links":{"self":[{"href":"https:\/\/tvc16.com\/portal\/wp-json\/wp\/v2\/posts\/10548","targetHints":{"allow":["GET"]}}],"collection":[{"href":"https:\/\/tvc16.com\/portal\/wp-json\/wp\/v2\/posts"}],"about":[{"href":"https:\/\/tvc16.com\/portal\/wp-json\/wp\/v2\/types\/post"}],"author":[{"embeddable":true,"href":"https:\/\/tvc16.com\/portal\/wp-json\/wp\/v2\/users\/2"}],"replies":[{"embeddable":true,"href":"https:\/\/tvc16.com\/portal\/wp-json\/wp\/v2\/comments?post=10548"}],"version-history":[{"count":1,"href":"https:\/\/tvc16.com\/portal\/wp-json\/wp\/v2\/posts\/10548\/revisions"}],"predecessor-version":[{"id":10550,"href":"https:\/\/tvc16.com\/portal\/wp-json\/wp\/v2\/posts\/10548\/revisions\/10550"}],"wp:featuredmedia":[{"embeddable":true,"href":"https:\/\/tvc16.com\/portal\/wp-json\/wp\/v2\/media\/10549"}],"wp:attachment":[{"href":"https:\/\/tvc16.com\/portal\/wp-json\/wp\/v2\/media?parent=10548"}],"wp:term":[{"taxonomy":"category","embeddable":true,"href":"https:\/\/tvc16.com\/portal\/wp-json\/wp\/v2\/categories?post=10548"},{"taxonomy":"post_tag","embeddable":true,"href":"https:\/\/tvc16.com\/portal\/wp-json\/wp\/v2\/tags?post=10548"}],"curies":[{"name":"wp","href":"https:\/\/api.w.org\/{rel}","templated":true}]}}